{"id":29988,"date":"2026-02-27T14:35:00","date_gmt":"2026-02-27T14:35:00","guid":{"rendered":"https:\/\/smnoticias.com.mx\/?p=29988"},"modified":"2026-02-27T21:03:18","modified_gmt":"2026-02-27T21:03:18","slug":"llevan-a-cabo-recorrido-memoria-urbana","status":"publish","type":"post","link":"https:\/\/smnoticias.com.mx\/index.php\/2026\/02\/27\/llevan-a-cabo-recorrido-memoria-urbana\/","title":{"rendered":"Llevan a cabo recorrido Memoria Urbana"},"content":{"rendered":"\n<ul>\n<li><strong>Se exploraron distintos inmuebles que han marcado el desarrollo social, econ\u00f3mico y cultural de la ciudad de San Luis Potos\u00ed.<\/strong><\/li>\n<\/ul>\n\n\n\n<p>La Secretar\u00eda de Cultura de Gobierno del Estado llev\u00f3 a cabo el recorrido \u201cMemoria Urbana\u201d por la calle \u00c1lvaro Obreg\u00f3n, una actividad presencial que reuni\u00f3 a personas interesadas en conocer m\u00e1s sobre la historia y transformaci\u00f3n del Centro Hist\u00f3rico de San Luis Potos\u00ed, que inici\u00f3 en el exterior del Templo de San Juan de Dios, actividad guiada por Augusto Alejandro Hern\u00e1ndez L\u00f3pez.<\/p>\n\n\n\n<p>Durante el trayecto, las y los asistentes exploraron distintos inmuebles que han marcado el desarrollo social, econ\u00f3mico y cultural de la ciudad. A trav\u00e9s de explicaciones hist\u00f3ricas y an\u00e9cdotas, el gu\u00eda contextualiz\u00f3 fincas de origen virreinal y edificaciones del periodo porfiriano, resaltando c\u00f3mo cada etapa dej\u00f3 huella en la configuraci\u00f3n urbana y en la vida cotidiana de la capital potosina.<\/p>\n\n\n\n<p>El recorrido permiti\u00f3 reconocer espacios que en su momento destacaron en \u00e1mbitos como la educaci\u00f3n, el comercio y la vida recreativa, adem\u00e1s de antiguas casas habitaci\u00f3n que sobresalen por su riqueza arquitect\u00f3nica y valor patrimonial. Estas construcciones, m\u00e1s all\u00e1 de su materialidad, fueron presentadas como testimonios vivos de las din\u00e1micas sociales que han dado forma a la identidad colectiva.<\/p>\n\n\n\n<p>Con iniciativas como \u201cMemoria Urbana\u201d, la Secretar\u00eda de Cultura a trav\u00e9s de la Direcci\u00f3n de Patrimonio Cultural, reafirma su compromiso de generar actividades incluyentes y accesibles que fomenten el reconocimiento, la apropiaci\u00f3n y la preservaci\u00f3n del patrimonio hist\u00f3rico de San Luis Potos\u00ed.<\/p>\n","protected":false},"excerpt":{"rendered":"<p>La Secretar\u00eda de Cultura de Gobierno del Estado llev\u00f3 a cabo el recorrido \u201cMemoria Urbana\u201d por la calle \u00c1lvaro Obreg\u00f3n, una actividad presencial que reuni\u00f3 a personas interesadas en conocer m\u00e1s sobre la historia y transformaci\u00f3n del Centro Hist\u00f3rico de San Luis Potos\u00ed, que inici\u00f3 en el exterior del Templo de San Juan de Dios, [&hellip;]<\/p>\n","protected":false},"author":1,"featured_media":29989,"comment_status":"open","ping_status":"open","sticky":false,"template":"","format":"standard","meta":{"om_disable_all_campaigns":false,"footnotes":""},"categories":[6],"tags":[],"aioseo_notices":[],"_links":{"self":[{"href":"https:\/\/smnoticias.com.mx\/index.php\/wp-json\/wp\/v2\/posts\/29988"}],"collection":[{"href":"https:\/\/smnoticias.com.mx\/index.php\/wp-json\/wp\/v2\/posts"}],"about":[{"href":"https:\/\/smnoticias.com.mx\/index.php\/wp-json\/wp\/v2\/types\/post"}],"author":[{"embeddable":true,"href":"https:\/\/smnoticias.com.mx\/index.php\/wp-json\/wp\/v2\/users\/1"}],"replies":[{"embeddable":true,"href":"https:\/\/smnoticias.com.mx\/index.php\/wp-json\/wp\/v2\/comments?post=29988"}],"version-history":[{"count":1,"href":"https:\/\/smnoticias.com.mx\/index.php\/wp-json\/wp\/v2\/posts\/29988\/revisions"}],"predecessor-version":[{"id":29990,"href":"https:\/\/smnoticias.com.mx\/index.php\/wp-json\/wp\/v2\/posts\/29988\/revisions\/29990"}],"wp:featuredmedia":[{"embeddable":true,"href":"https:\/\/smnoticias.com.mx\/index.php\/wp-json\/wp\/v2\/media\/29989"}],"wp:attachment":[{"href":"https:\/\/smnoticias.com.mx\/index.php\/wp-json\/wp\/v2\/media?parent=29988"}],"wp:term":[{"taxonomy":"category","embeddable":true,"href":"https:\/\/smnoticias.com.mx\/index.php\/wp-json\/wp\/v2\/categories?post=29988"},{"taxonomy":"post_tag","embeddable":true,"href":"https:\/\/smnoticias.com.mx\/index.php\/wp-json\/wp\/v2\/tags?post=29988"}],"curies":[{"name":"wp","href":"https:\/\/api.w.org\/{rel}","templated":true}]}}