{"id":29991,"date":"2026-02-27T14:51:00","date_gmt":"2026-02-27T14:51:00","guid":{"rendered":"https:\/\/smnoticias.com.mx\/?p=29991"},"modified":"2026-02-27T21:07:42","modified_gmt":"2026-02-27T21:07:42","slug":"mujeres-en-el-arte-exposicion-en-la-galeria-del-teatro-de-la-paz","status":"publish","type":"post","link":"https:\/\/smnoticias.com.mx\/index.php\/2026\/02\/27\/mujeres-en-el-arte-exposicion-en-la-galeria-del-teatro-de-la-paz\/","title":{"rendered":"Mujeres en el Arte. Exposici\u00f3n en la galer\u00eda del Teatro de la Paz"},"content":{"rendered":"\n<ul>\n<li><strong>La exposici\u00f3n re\u00fane 50 obras de pintura, fotograf\u00eda, t\u00e9cnica mixta y dibujo, creadas por artistas de Argentina, Uruguay, M\u00e9xico y Colombia.<\/strong><\/li>\n<\/ul>\n\n\n\n<p>La Secretar\u00eda de Cultura de Gobierno del Estado inaugur\u00f3 la exposici\u00f3n colectiva \u201cMujeres en el Arte\u201d en la Galer\u00eda del Primer Piso del Teatro de la Paz, consolidando este emblem\u00e1tico recinto como un espacio de encuentro para la creaci\u00f3n contempor\u00e1nea y el di\u00e1logo art\u00edstico internacional.&nbsp; Esta muestra con entrada libre, permanecer\u00e1 vigente hasta el 26 de abril, invitando al p\u00fablico a recorrer una propuesta plural y diversa.<\/p>\n\n\n\n<p>La exposici\u00f3n re\u00fane 50 obras de pintura, fotograf\u00eda, t\u00e9cnica mixta y dibujo, creadas por artistas de Argentina, Uruguay, M\u00e9xico y Colombia, todas integrantes del grupo \u00c1baco. Participan Solange de Angeli (Uruguay), Carina Amaya (Argentina), Marcela Dupr\u00e9 (Argentina), Sabrina Arce (Quer\u00e9taro), Olivia Villafa\u00f1a (San Luis Potos\u00ed), Marcela Pati\u00f1o (San Luis Potos\u00ed), Claudia Medina (\u00c1ngel Guadalajara), Lucero Gonz\u00e1lez Navarro (Guadalajara), Wendy Robles (Guadalajara), Gloria Trapero (Guadalajara), Mar\u00eda de Lourdes Ram\u00edrez (Guadalajara), Miriam Fuhrman Dahab (Ciudad de M\u00e9xico), Yolanda Luna (San Miguel de Allende), Liza Peralta (Hermosillo), Gio Ru\u00e1n (San Luis Potos\u00ed), Biaani L\u00f3pez (San Luis Potos\u00ed), Alexandra de Madariaga (Ciudad de M\u00e9xico), Jennifer Castillo (Colombia) y Maite Autrique (San Luis Potos\u00ed).<\/p>\n\n\n\n<p>Cada pieza ofrece una mirada particular sobre la experiencia, la sensibilidad y la fuerza creativa de las mujeres en el arte contempor\u00e1neo, articulando narrativas que dialogan entre lo \u00edntimo y lo social, lo simb\u00f3lico y lo pol\u00edtico. La diversidad de t\u00e9cnicas y estilos construye un recorrido visual que fortalece el intercambio cultural latinoamericano y subraya la potencia expresiva de sus creadoras.<\/p>\n\n\n\n<p>La realizaci\u00f3n de esta muestra fue posible gracias al apoyo del Gobierno del Estado de San Luis Potos\u00ed, a trav\u00e9s de la Secretar\u00eda de Cultura y su Programa Estatal de Descentralizaci\u00f3n de las Actividades Culturales y Fortalecimiento de las Artes en el Estado (DACFAE 2026), reafirmando su compromiso con la promoci\u00f3n incluyente del arte y la generaci\u00f3n de plataformas que visibilicen el talento femenino en el \u00e1mbito internacional.<\/p>\n","protected":false},"excerpt":{"rendered":"<p>La Secretar\u00eda de Cultura de Gobierno del Estado inaugur\u00f3 la exposici\u00f3n colectiva \u201cMujeres en el Arte\u201d en la Galer\u00eda del Primer Piso del Teatro de la Paz, consolidando este emblem\u00e1tico recinto como un espacio de encuentro para la creaci\u00f3n contempor\u00e1nea y el di\u00e1logo art\u00edstico internacional.&nbsp; Esta muestra con entrada libre, permanecer\u00e1 vigente hasta el 26 [&hellip;]<\/p>\n","protected":false},"author":1,"featured_media":29992,"comment_status":"open","ping_status":"open","sticky":false,"template":"","format":"standard","meta":{"om_disable_all_campaigns":false,"footnotes":""},"categories":[6],"tags":[],"aioseo_notices":[],"_links":{"self":[{"href":"https:\/\/smnoticias.com.mx\/index.php\/wp-json\/wp\/v2\/posts\/29991"}],"collection":[{"href":"https:\/\/smnoticias.com.mx\/index.php\/wp-json\/wp\/v2\/posts"}],"about":[{"href":"https:\/\/smnoticias.com.mx\/index.php\/wp-json\/wp\/v2\/types\/post"}],"author":[{"embeddable":true,"href":"https:\/\/smnoticias.com.mx\/index.php\/wp-json\/wp\/v2\/users\/1"}],"replies":[{"embeddable":true,"href":"https:\/\/smnoticias.com.mx\/index.php\/wp-json\/wp\/v2\/comments?post=29991"}],"version-history":[{"count":1,"href":"https:\/\/smnoticias.com.mx\/index.php\/wp-json\/wp\/v2\/posts\/29991\/revisions"}],"predecessor-version":[{"id":29993,"href":"https:\/\/smnoticias.com.mx\/index.php\/wp-json\/wp\/v2\/posts\/29991\/revisions\/29993"}],"wp:featuredmedia":[{"embeddable":true,"href":"https:\/\/smnoticias.com.mx\/index.php\/wp-json\/wp\/v2\/media\/29992"}],"wp:attachment":[{"href":"https:\/\/smnoticias.com.mx\/index.php\/wp-json\/wp\/v2\/media?parent=29991"}],"wp:term":[{"taxonomy":"category","embeddable":true,"href":"https:\/\/smnoticias.com.mx\/index.php\/wp-json\/wp\/v2\/categories?post=29991"},{"taxonomy":"post_tag","embeddable":true,"href":"https:\/\/smnoticias.com.mx\/index.php\/wp-json\/wp\/v2\/tags?post=29991"}],"curies":[{"name":"wp","href":"https:\/\/api.w.org\/{rel}","templated":true}]}}