{"id":30033,"date":"2026-02-28T12:14:00","date_gmt":"2026-02-28T12:14:00","guid":{"rendered":"https:\/\/smnoticias.com.mx\/?p=30033"},"modified":"2026-02-28T19:57:42","modified_gmt":"2026-02-28T19:57:42","slug":"concluye-con-exito-la-quinta-edicion-del-albergue-temporal-invernal-en-san-luis-capital","status":"publish","type":"post","link":"https:\/\/smnoticias.com.mx\/index.php\/2026\/02\/28\/concluye-con-exito-la-quinta-edicion-del-albergue-temporal-invernal-en-san-luis-capital\/","title":{"rendered":"Concluye con \u00e9xito la quinta edici\u00f3n del Albergue Temporal Invernal en San Luis Capital"},"content":{"rendered":"\n<ul>\n<li>\u00ab<strong>Este albergue no solo ofrece techo y alimento, abre la puerta a un nuevo comienzo, con acompa\u00f1amiento integral\u00bb: Estela Arriaga, Presidenta del DIF Municipal SLP.<\/strong><\/li>\n<\/ul>\n\n\n\n<p>El Gobierno de la Capital, encabezado por el Alcalde Enrique Galindo Ceballos y la Presidenta del Sistema Municipal DIF, Estela Arriaga M\u00e1rquez, cerr\u00f3 la quinta edici\u00f3n del Albergue Temporal Invernal, reafirmando el compromiso de proteger la vida y dignidad de las personas en situaci\u00f3n de calle durante la temporada de bajas temperaturas.<\/p>\n\n\n\n<p>La Presidenta del DIF Capitalino, Estela Arriaga M\u00e1rquez, destac\u00f3 que \u201ceste albergue no solo ofrece techo y alimento, abre la puerta a un nuevo comienzo, con acompa\u00f1amiento integral para que cada persona pueda reconstruir su proyecto de vida\u201d.<\/p>\n\n\n\n<p>Del 1 de diciembre de 2025 al 27 de febrero de 2026, el albergue instalado en coordinaci\u00f3n con la Secretar\u00eda de Seguridad y Protecci\u00f3n Ciudadana a trav\u00e9s de Protecci\u00f3n Civil Municipal, brind\u00f3 atenci\u00f3n a 73 personas, registrando 1,463 pernoctas y entregando 2,702 alimentos calientes entre cenas y desayunos.<\/p>\n\n\n\n<p>Adem\u00e1s de alojamiento seguro, se ofrecieron servicios m\u00e9dicos, atenci\u00f3n psicol\u00f3gica, trabajo social, corte de cabello y acompa\u00f1amiento para la reinserci\u00f3n social. Durante el evento de cierre se realiz\u00f3 la entrega simb\u00f3lica de cinco kits de higiene personal y actas de nacimiento a dos usuarios, como parte de las acciones para la recuperaci\u00f3n de identidad jur\u00eddica y fortalecimiento de oportunidades laborales.<\/p>\n\n\n\n<p>En la administraci\u00f3n municipal 2021-2024 y lo que ha transcurrido de la 2024-2027, este programa ha atendido a 456 personas, acumulando m\u00e1s de 6,700 pernoctas, consolid\u00e1ndose como una pol\u00edtica humanitaria permanente en la Capital potosina.<\/p>\n\n\n\n<p>El trabajo coordinado entre DIF Municipal, la Secretar\u00eda de Seguridad y Protecci\u00f3n Ciudadana, la Direcci\u00f3n de Protecci\u00f3n Civil y el sector salud demuestra que cuando las instituciones suman esfuerzos, se salvan vidas y se generan verdaderas oportunidades de reinserci\u00f3n social.<\/p>\n\n\n\n<p>Asimismo, se entregaron reconocimientos a los benefactores que llevaron cenas durante este periodo, en favor de las personas en situaci\u00f3n de calle que aceptaron resguardarse en el albergue temporal invernal.<\/p>\n","protected":false},"excerpt":{"rendered":"<p>El Gobierno de la Capital, encabezado por el Alcalde Enrique Galindo Ceballos y la Presidenta del Sistema Municipal DIF, Estela Arriaga M\u00e1rquez, cerr\u00f3 la quinta edici\u00f3n del Albergue Temporal Invernal, reafirmando el compromiso de proteger la vida y dignidad de las personas en situaci\u00f3n de calle durante la temporada de bajas temperaturas. La Presidenta del [&hellip;]<\/p>\n","protected":false},"author":1,"featured_media":30034,"comment_status":"open","ping_status":"open","sticky":false,"template":"","format":"standard","meta":{"om_disable_all_campaigns":false,"footnotes":""},"categories":[4],"tags":[],"aioseo_notices":[],"_links":{"self":[{"href":"https:\/\/smnoticias.com.mx\/index.php\/wp-json\/wp\/v2\/posts\/30033"}],"collection":[{"href":"https:\/\/smnoticias.com.mx\/index.php\/wp-json\/wp\/v2\/posts"}],"about":[{"href":"https:\/\/smnoticias.com.mx\/index.php\/wp-json\/wp\/v2\/types\/post"}],"author":[{"embeddable":true,"href":"https:\/\/smnoticias.com.mx\/index.php\/wp-json\/wp\/v2\/users\/1"}],"replies":[{"embeddable":true,"href":"https:\/\/smnoticias.com.mx\/index.php\/wp-json\/wp\/v2\/comments?post=30033"}],"version-history":[{"count":1,"href":"https:\/\/smnoticias.com.mx\/index.php\/wp-json\/wp\/v2\/posts\/30033\/revisions"}],"predecessor-version":[{"id":30035,"href":"https:\/\/smnoticias.com.mx\/index.php\/wp-json\/wp\/v2\/posts\/30033\/revisions\/30035"}],"wp:featuredmedia":[{"embeddable":true,"href":"https:\/\/smnoticias.com.mx\/index.php\/wp-json\/wp\/v2\/media\/30034"}],"wp:attachment":[{"href":"https:\/\/smnoticias.com.mx\/index.php\/wp-json\/wp\/v2\/media?parent=30033"}],"wp:term":[{"taxonomy":"category","embeddable":true,"href":"https:\/\/smnoticias.com.mx\/index.php\/wp-json\/wp\/v2\/categories?post=30033"},{"taxonomy":"post_tag","embeddable":true,"href":"https:\/\/smnoticias.com.mx\/index.php\/wp-json\/wp\/v2\/tags?post=30033"}],"curies":[{"name":"wp","href":"https:\/\/api.w.org\/{rel}","templated":true}]}}