{"id":30036,"date":"2026-02-28T13:55:00","date_gmt":"2026-02-28T13:55:00","guid":{"rendered":"https:\/\/smnoticias.com.mx\/?p=30036"},"modified":"2026-02-28T20:00:52","modified_gmt":"2026-02-28T20:00:52","slug":"cabildo-municipal-rinde-emotivo-homenaje-a-jacobo-payan-nombra-avenida-en-su-honor","status":"publish","type":"post","link":"https:\/\/smnoticias.com.mx\/index.php\/2026\/02\/28\/cabildo-municipal-rinde-emotivo-homenaje-a-jacobo-payan-nombra-avenida-en-su-honor\/","title":{"rendered":"Cabildo Municipal rinde emotivo homenaje a Jacobo Pay\u00e1n: nombra avenida en su honor"},"content":{"rendered":"\n<ul>\n<li><strong>El Alcalde Enrique Galindo Ceballos encabez\u00f3 la Sesi\u00f3n Solemne de Cabildo, celebrada en el estadio Libertad Financiera, en la que se aval\u00f3 por unanimidad nombrar el bulevar R\u00edo Espa\u00f1ita como \u201cJacobo Pay\u00e1n Latuff\u201d, en un sentido homenaje para preservar su memoria y aportaciones a la ciudad.<\/strong><\/li>\n<\/ul>\n\n\n\n<p>Debido a sus contribuciones en los \u00e1mbitos pol\u00edtico, social, econ\u00f3mico y deportivo, el Cabildo de San Luis Capital, que encabeza el Alcalde Enrique Galindo Ceballos, aprob\u00f3 por unanimidad, en su d\u00e9cima primera Sesi\u00f3n Solemne, cambiar el nombre del bulevar R\u00edo Espa\u00f1ita por el de bulevar Jacobo Pay\u00e1n Latuff, como un homenaje p\u00f3stumo al empresario potosino y Expresidente del Concejo Municipal de la Capital.<\/p>\n\n\n\n<p>La sesi\u00f3n se llev\u00f3 a cabo en el estadio Estadio Libertad Financiera, anteriormente conocido como Alfonso Lastras, donde el Presidente Municipal Enrique Galindo Ceballos destac\u00f3 que es \u201cmuy dif\u00edcil imaginar San Luis Potos\u00ed sin Don Jacobo\u201d, al subrayar su papel como promotor del desarrollo econ\u00f3mico, impulsor del deporte y figura clave en distintos momentos de la vida p\u00fablica local.<\/p>\n\n\n\n<p>\u201cEl homenaje es porque los hombres que desinteresadamente le dejan a la ciudad, deben ser recordados. No queremos que se olviden. Queremos que la gente diga que fue el gran promotor de San Luis Potos\u00ed, como presidente concejal, con el estadio de f\u00fatbol, como promotor del desarrollo econ\u00f3mico\u201d, expres\u00f3 el Alcalde ante integrantes del Cabildo y familiares del homenajeado.<\/p>\n\n\n\n<p>Al tomar la palabra, Ver\u00f3nica Pay\u00e1n Espinosa afirm\u00f3 que, a partir de ahora, el nombre de su padre forma parte de la eternidad, ya que miles de potosinas y potosinos cruzar\u00e1n, caminar\u00e1n y vivir\u00e1n un bulevar que llevar\u00e1 su nombre como parte de la memoria colectiva de la ciudad. Por su parte, la Regidora Limbania Martel Espinosa se\u00f1al\u00f3 que se trata de un reconocimiento a una persona fundamental para la vida social, cultural y pol\u00edtica de San Luis Potos\u00ed.<\/p>\n\n\n\n<p>Estuvieron presentes Yolanda, Ver\u00f3nica y Jacobo Pay\u00e1n Espinosa, hijos de Don Jacobo y de Do\u00f1a Yolanda Espinosa, as\u00ed como los exgobernadores Marcelo de los Santos Fraga y Fernando Silva Nieto, quienes se sumaron a este acto que formaliza el nombre de esta importante arteria de la Capital potosina como parte de la memoria hist\u00f3rica de la ciudad.<\/p>\n","protected":false},"excerpt":{"rendered":"<p>Debido a sus contribuciones en los \u00e1mbitos pol\u00edtico, social, econ\u00f3mico y deportivo, el Cabildo de San Luis Capital, que encabeza el Alcalde Enrique Galindo Ceballos, aprob\u00f3 por unanimidad, en su d\u00e9cima primera Sesi\u00f3n Solemne, cambiar el nombre del bulevar R\u00edo Espa\u00f1ita por el de bulevar Jacobo Pay\u00e1n Latuff, como un homenaje p\u00f3stumo al empresario potosino [&hellip;]<\/p>\n","protected":false},"author":1,"featured_media":30037,"comment_status":"open","ping_status":"open","sticky":false,"template":"","format":"standard","meta":{"om_disable_all_campaigns":false,"footnotes":""},"categories":[4],"tags":[],"aioseo_notices":[],"_links":{"self":[{"href":"https:\/\/smnoticias.com.mx\/index.php\/wp-json\/wp\/v2\/posts\/30036"}],"collection":[{"href":"https:\/\/smnoticias.com.mx\/index.php\/wp-json\/wp\/v2\/posts"}],"about":[{"href":"https:\/\/smnoticias.com.mx\/index.php\/wp-json\/wp\/v2\/types\/post"}],"author":[{"embeddable":true,"href":"https:\/\/smnoticias.com.mx\/index.php\/wp-json\/wp\/v2\/users\/1"}],"replies":[{"embeddable":true,"href":"https:\/\/smnoticias.com.mx\/index.php\/wp-json\/wp\/v2\/comments?post=30036"}],"version-history":[{"count":1,"href":"https:\/\/smnoticias.com.mx\/index.php\/wp-json\/wp\/v2\/posts\/30036\/revisions"}],"predecessor-version":[{"id":30038,"href":"https:\/\/smnoticias.com.mx\/index.php\/wp-json\/wp\/v2\/posts\/30036\/revisions\/30038"}],"wp:featuredmedia":[{"embeddable":true,"href":"https:\/\/smnoticias.com.mx\/index.php\/wp-json\/wp\/v2\/media\/30037"}],"wp:attachment":[{"href":"https:\/\/smnoticias.com.mx\/index.php\/wp-json\/wp\/v2\/media?parent=30036"}],"wp:term":[{"taxonomy":"category","embeddable":true,"href":"https:\/\/smnoticias.com.mx\/index.php\/wp-json\/wp\/v2\/categories?post=30036"},{"taxonomy":"post_tag","embeddable":true,"href":"https:\/\/smnoticias.com.mx\/index.php\/wp-json\/wp\/v2\/tags?post=30036"}],"curies":[{"name":"wp","href":"https:\/\/api.w.org\/{rel}","templated":true}]}}