{"id":30055,"date":"2026-02-28T14:15:00","date_gmt":"2026-02-28T14:15:00","guid":{"rendered":"https:\/\/smnoticias.com.mx\/?p=30055"},"modified":"2026-02-28T20:55:37","modified_gmt":"2026-02-28T20:55:37","slug":"preparado-plan-estrategico-de-limpieza-durante-la-fenae-2026-soledad-de-gs","status":"publish","type":"post","link":"https:\/\/smnoticias.com.mx\/index.php\/2026\/02\/28\/preparado-plan-estrategico-de-limpieza-durante-la-fenae-2026-soledad-de-gs\/","title":{"rendered":"Preparado, plan estrat\u00e9gico de limpieza durante la Fenae 2026: Soledad de GS"},"content":{"rendered":"\n<ul>\n<li><strong>Servicios municipales reforzar\u00e1 acciones para atender la demanda de aseo p\u00fablico en el Jard\u00edn principal y limpieza permanente en calles y avenidas del municipio.<\/strong><\/li>\n<\/ul>\n\n\n\n<p>Por indicaci\u00f3n del Alcalde, Juan Manuel Navarro Mu\u00f1iz, el Ayuntamiento de Soledad de Graciano S\u00e1nchez ya tiene listo el operativo estrat\u00e9gico y planeaci\u00f3n de labores para mantener limpias las avenidas y calles de la Cabecera municipal durante la realizaci\u00f3n de la Feria Nacional de la Enchilada (FENAE), inform\u00f3 el director de Servicios Municipales, Antonio Zamarripa Quintero.<\/p>\n\n\n\n<p>Para cumplir con la demanda y carga de trabajo que se estima para la temporada de Feria, Zamarripa Quintero detall\u00f3 que se formar\u00e1n tres cuadrillas de trabajadores que estar\u00e1n dando cobertura y limpieza desde las 6:00 de la ma\u00f1ana hasta las 2:00 de la madrugada, especialmente en la Plaza principal del municipio, intensificando las labores al terminar los conciertos y actividades feriales, para que las familias encuentren espacios limpios y agradables.<\/p>\n\n\n\n<p>Zamarripa Quintero coment\u00f3 que durante la FENAE llegan muchas personas y visitantes, lo que aumenta la basura, por eso se reforzar\u00e1 tambi\u00e9n la limpieza en calles, camellones y avenidas aleda\u00f1as. En estas labores participar\u00e1 todo el personal disponible de las \u00e1reas de Imagen Urbana y Aseo P\u00fablico, con el objetivo de mantener el orden y la buena imagen del municipio<\/p>\n\n\n\n<p>Adem\u00e1s de estos esfuerzos, el servicio de limpieza seguir\u00e1 trabajando de manera normal en las colonias, avenidas y \u00e1reas verdes de todo Soledad de Graciano S\u00e1nchez, para que ninguna zonas de la demarcaci\u00f3n se vea afectada por la falta del servicio.<\/p>\n\n\n\n<p>Con estas acciones, el Gobierno Municipal de Soledad refrenda su compromiso de mantener una ciudad limpia y con espacios dignos en cada colonia y comunidad de Soledad para el disfrute y mejorar la calidad de vida de todas y todos los soledenses.<\/p>\n","protected":false},"excerpt":{"rendered":"<p>Por indicaci\u00f3n del Alcalde, Juan Manuel Navarro Mu\u00f1iz, el Ayuntamiento de Soledad de Graciano S\u00e1nchez ya tiene listo el operativo estrat\u00e9gico y planeaci\u00f3n de labores para mantener limpias las avenidas y calles de la Cabecera municipal durante la realizaci\u00f3n de la Feria Nacional de la Enchilada (FENAE), inform\u00f3 el director de Servicios Municipales, Antonio Zamarripa [&hellip;]<\/p>\n","protected":false},"author":1,"featured_media":30056,"comment_status":"open","ping_status":"open","sticky":false,"template":"","format":"standard","meta":{"om_disable_all_campaigns":false,"footnotes":""},"categories":[10],"tags":[],"aioseo_notices":[],"_links":{"self":[{"href":"https:\/\/smnoticias.com.mx\/index.php\/wp-json\/wp\/v2\/posts\/30055"}],"collection":[{"href":"https:\/\/smnoticias.com.mx\/index.php\/wp-json\/wp\/v2\/posts"}],"about":[{"href":"https:\/\/smnoticias.com.mx\/index.php\/wp-json\/wp\/v2\/types\/post"}],"author":[{"embeddable":true,"href":"https:\/\/smnoticias.com.mx\/index.php\/wp-json\/wp\/v2\/users\/1"}],"replies":[{"embeddable":true,"href":"https:\/\/smnoticias.com.mx\/index.php\/wp-json\/wp\/v2\/comments?post=30055"}],"version-history":[{"count":1,"href":"https:\/\/smnoticias.com.mx\/index.php\/wp-json\/wp\/v2\/posts\/30055\/revisions"}],"predecessor-version":[{"id":30057,"href":"https:\/\/smnoticias.com.mx\/index.php\/wp-json\/wp\/v2\/posts\/30055\/revisions\/30057"}],"wp:featuredmedia":[{"embeddable":true,"href":"https:\/\/smnoticias.com.mx\/index.php\/wp-json\/wp\/v2\/media\/30056"}],"wp:attachment":[{"href":"https:\/\/smnoticias.com.mx\/index.php\/wp-json\/wp\/v2\/media?parent=30055"}],"wp:term":[{"taxonomy":"category","embeddable":true,"href":"https:\/\/smnoticias.com.mx\/index.php\/wp-json\/wp\/v2\/categories?post=30055"},{"taxonomy":"post_tag","embeddable":true,"href":"https:\/\/smnoticias.com.mx\/index.php\/wp-json\/wp\/v2\/tags?post=30055"}],"curies":[{"name":"wp","href":"https:\/\/api.w.org\/{rel}","templated":true}]}}