{"id":30104,"date":"2026-03-01T16:20:00","date_gmt":"2026-03-01T16:20:00","guid":{"rendered":"https:\/\/smnoticias.com.mx\/?p=30104"},"modified":"2026-03-02T02:35:56","modified_gmt":"2026-03-02T02:35:56","slug":"emocionante-dia-de-la-familia-se-vivio-en-soledad","status":"publish","type":"post","link":"https:\/\/smnoticias.com.mx\/index.php\/2026\/03\/01\/emocionante-dia-de-la-familia-se-vivio-en-soledad\/","title":{"rendered":"Emocionante D\u00eda de la Familia se vivi\u00f3 en Soledad"},"content":{"rendered":"\n<ul>\n<li><strong>Arranc\u00f3 el Teatro \u00abDoroteo Arango\u00bb con una matin\u00e9e que reuni\u00f3 a decenas de familias, con ni\u00f1os, ni\u00f1as y adultos mayores.<\/strong><\/li>\n<\/ul>\n\n\n\n<p>En un contexto donde la convivencia familiar y el fortalecimiento del tejido social son prioridades para el desarrollo comunitario, el Gobierno Municipal de Soledad de Graciano S\u00e1nchez celebr\u00f3 el D\u00eda de la Familia en M\u00e9xico con una exitosa funci\u00f3n de matin\u00e9 en el Teatro y Centro Cultural \u00abDoroteo Arango\u00bb, marcando as\u00ed el inicio de una agenda cultural que apuesta por la uni\u00f3n y la participaci\u00f3n ciudadana.<\/p>\n\n\n\n<p>Familias completas y grupos de amigos se dieron cita para compartir una tarde dedicada al arte y al entretenimiento con la pel\u00edcula \u00abZootopia\u00bb, en un espacio que promueve la convivencia sana y el acceso a actividades culturales de calidad de manera gratuita. El recinto, con capacidad para m\u00e1s de mil 200 personas y 110 espacios de estacionamiento, se consolida como uno de los foros culturales m\u00e1s importantes de la regi\u00f3n.<\/p>\n\n\n\n<p>El director de Turismo y Cultura Municipal, Felipe C\u00e1rdenas Quibrera, inform\u00f3 que por instrucci\u00f3n del Alcalde Juan Manuel Navarro Mu\u00f1iz, se impulsa una agenda permanente que fomente la cohesi\u00f3n social y el encuentro comunitario en espacios p\u00fablicos dignos. Cabe recordar que el D\u00eda de la Familia en M\u00e9xico se conmemora el primer domingo de marzo desde 2005, con el prop\u00f3sito de reconocer la importancia de este n\u00facleo fundamental en la formaci\u00f3n de valores y en el desarrollo social.<\/p>\n\n\n\n<p>Destac\u00f3 que estas acciones forman parte de la estrategia para posicionar a Soledad como referente en turismo cultural en la zona metropolitana, generando adem\u00e1s din\u00e1micas positivas para la econom\u00eda local. Con este arranque, marzo inicia con una programaci\u00f3n que coloca a la cultura como herramienta de integraci\u00f3n, fortaleciendo el sentido de pertenencia y la vida comunitaria en Soledad.<\/p>\n","protected":false},"excerpt":{"rendered":"<p>En un contexto donde la convivencia familiar y el fortalecimiento del tejido social son prioridades para el desarrollo comunitario, el Gobierno Municipal de Soledad de Graciano S\u00e1nchez celebr\u00f3 el D\u00eda de la Familia en M\u00e9xico con una exitosa funci\u00f3n de matin\u00e9 en el Teatro y Centro Cultural \u00abDoroteo Arango\u00bb, marcando as\u00ed el inicio de una [&hellip;]<\/p>\n","protected":false},"author":1,"featured_media":30106,"comment_status":"open","ping_status":"open","sticky":false,"template":"","format":"standard","meta":{"om_disable_all_campaigns":false,"footnotes":""},"categories":[10],"tags":[],"aioseo_notices":[],"_links":{"self":[{"href":"https:\/\/smnoticias.com.mx\/index.php\/wp-json\/wp\/v2\/posts\/30104"}],"collection":[{"href":"https:\/\/smnoticias.com.mx\/index.php\/wp-json\/wp\/v2\/posts"}],"about":[{"href":"https:\/\/smnoticias.com.mx\/index.php\/wp-json\/wp\/v2\/types\/post"}],"author":[{"embeddable":true,"href":"https:\/\/smnoticias.com.mx\/index.php\/wp-json\/wp\/v2\/users\/1"}],"replies":[{"embeddable":true,"href":"https:\/\/smnoticias.com.mx\/index.php\/wp-json\/wp\/v2\/comments?post=30104"}],"version-history":[{"count":1,"href":"https:\/\/smnoticias.com.mx\/index.php\/wp-json\/wp\/v2\/posts\/30104\/revisions"}],"predecessor-version":[{"id":30107,"href":"https:\/\/smnoticias.com.mx\/index.php\/wp-json\/wp\/v2\/posts\/30104\/revisions\/30107"}],"wp:featuredmedia":[{"embeddable":true,"href":"https:\/\/smnoticias.com.mx\/index.php\/wp-json\/wp\/v2\/media\/30106"}],"wp:attachment":[{"href":"https:\/\/smnoticias.com.mx\/index.php\/wp-json\/wp\/v2\/media?parent=30104"}],"wp:term":[{"taxonomy":"category","embeddable":true,"href":"https:\/\/smnoticias.com.mx\/index.php\/wp-json\/wp\/v2\/categories?post=30104"},{"taxonomy":"post_tag","embeddable":true,"href":"https:\/\/smnoticias.com.mx\/index.php\/wp-json\/wp\/v2\/tags?post=30104"}],"curies":[{"name":"wp","href":"https:\/\/api.w.org\/{rel}","templated":true}]}}