{"id":30111,"date":"2026-03-01T14:22:00","date_gmt":"2026-03-01T14:22:00","guid":{"rendered":"https:\/\/smnoticias.com.mx\/?p=30111"},"modified":"2026-03-02T02:42:31","modified_gmt":"2026-03-02T02:42:31","slug":"ayuntamiento-de-slp-impulsa-el-segundo-foro-de-capacitacion-en-gestion-del-talento","status":"publish","type":"post","link":"https:\/\/smnoticias.com.mx\/index.php\/2026\/03\/01\/ayuntamiento-de-slp-impulsa-el-segundo-foro-de-capacitacion-en-gestion-del-talento\/","title":{"rendered":"Ayuntamiento de SLP impulsa el Segundo Foro de Capacitaci\u00f3n en Gesti\u00f3n del Talento"},"content":{"rendered":"\n<ul>\n<li><strong>El evento busca fortalecer el desarrollo del talento femenino en las empresas.<\/strong><\/li>\n<\/ul>\n\n\n\n<p>El Ayuntamiento de San Luis Capital, a trav\u00e9s de la Direcci\u00f3n de Desarrollo Econ\u00f3mico, llevar\u00e1 a cabo el Segundo Foro de Capacitaci\u00f3n: \u201cGesti\u00f3n del Talento para el Impulso del Desempe\u00f1o Organizacional\u201d, el pr\u00f3ximo jueves 5 de marzo, de 08:30 a 11:30 horas. La titular de la dependencia, Korina Toro Reyna, destac\u00f3 que el foro contar\u00e1 con la participaci\u00f3n de cuatro capacitadores especializados en temas de talento humano y liderazgo.<\/p>\n\n\n\n<p>La funcionaria precis\u00f3 que en la jornada se abordar\u00e1n temas como la motivaci\u00f3n de equipos sin importar el tama\u00f1o de la empresa; desarrollo del talento femenino como estrategia de productividad; Ikigaidex, herramienta japonesa de bienestar, cultura y resultados, as\u00ed como estrategias de liderazgo y balance de vida para mujeres. A\u00f1adi\u00f3 Korina Toro que el evento est\u00e1 dirigido tanto a empresas agremiadas a c\u00e1maras empresariales como aquellas participantes del Pabell\u00f3n del Empleo, iniciativa anual del gobierno municipal.<\/p>\n\n\n\n<p>El foro se llevar\u00e1 a cabo en las instalaciones de la Instancia Municipal de las Mujeres en Centro Uni\u00f3n, y es de acceso gratuito. \u201cHasta el momento se ha registrado la participaci\u00f3n de 80 empresas, muchas de ellas dedicadas a ventas y adheridas al programa municipal Puro Potosino\u201d, apunt\u00f3 la directora Korina, reafirmando el compromiso del ayuntamiento con la capacitaci\u00f3n, el fortalecimiento empresarial y la promoci\u00f3n del talento local.<\/p>\n","protected":false},"excerpt":{"rendered":"<p>El Ayuntamiento de San Luis Capital, a trav\u00e9s de la Direcci\u00f3n de Desarrollo Econ\u00f3mico, llevar\u00e1 a cabo el Segundo Foro de Capacitaci\u00f3n: \u201cGesti\u00f3n del Talento para el Impulso del Desempe\u00f1o Organizacional\u201d, el pr\u00f3ximo jueves 5 de marzo, de 08:30 a 11:30 horas. La titular de la dependencia, Korina Toro Reyna, destac\u00f3 que el foro contar\u00e1 [&hellip;]<\/p>\n","protected":false},"author":1,"featured_media":30112,"comment_status":"open","ping_status":"open","sticky":false,"template":"","format":"standard","meta":{"om_disable_all_campaigns":false,"footnotes":""},"categories":[4],"tags":[],"aioseo_notices":[],"_links":{"self":[{"href":"https:\/\/smnoticias.com.mx\/index.php\/wp-json\/wp\/v2\/posts\/30111"}],"collection":[{"href":"https:\/\/smnoticias.com.mx\/index.php\/wp-json\/wp\/v2\/posts"}],"about":[{"href":"https:\/\/smnoticias.com.mx\/index.php\/wp-json\/wp\/v2\/types\/post"}],"author":[{"embeddable":true,"href":"https:\/\/smnoticias.com.mx\/index.php\/wp-json\/wp\/v2\/users\/1"}],"replies":[{"embeddable":true,"href":"https:\/\/smnoticias.com.mx\/index.php\/wp-json\/wp\/v2\/comments?post=30111"}],"version-history":[{"count":1,"href":"https:\/\/smnoticias.com.mx\/index.php\/wp-json\/wp\/v2\/posts\/30111\/revisions"}],"predecessor-version":[{"id":30113,"href":"https:\/\/smnoticias.com.mx\/index.php\/wp-json\/wp\/v2\/posts\/30111\/revisions\/30113"}],"wp:featuredmedia":[{"embeddable":true,"href":"https:\/\/smnoticias.com.mx\/index.php\/wp-json\/wp\/v2\/media\/30112"}],"wp:attachment":[{"href":"https:\/\/smnoticias.com.mx\/index.php\/wp-json\/wp\/v2\/media?parent=30111"}],"wp:term":[{"taxonomy":"category","embeddable":true,"href":"https:\/\/smnoticias.com.mx\/index.php\/wp-json\/wp\/v2\/categories?post=30111"},{"taxonomy":"post_tag","embeddable":true,"href":"https:\/\/smnoticias.com.mx\/index.php\/wp-json\/wp\/v2\/tags?post=30111"}],"curies":[{"name":"wp","href":"https:\/\/api.w.org\/{rel}","templated":true}]}}