{"id":30119,"date":"2026-03-02T10:10:00","date_gmt":"2026-03-02T10:10:00","guid":{"rendered":"https:\/\/smnoticias.com.mx\/?p=30119"},"modified":"2026-03-02T17:55:30","modified_gmt":"2026-03-02T17:55:30","slug":"gobierno-estatal-anuncia-a-ganadoras-de-potosina-del-ano","status":"publish","type":"post","link":"https:\/\/smnoticias.com.mx\/index.php\/2026\/03\/02\/gobierno-estatal-anuncia-a-ganadoras-de-potosina-del-ano\/","title":{"rendered":"Gobierno estatal anuncia a ganadoras de Potosina del A\u00f1o"},"content":{"rendered":"\n<ul>\n<li><strong>El certamen distingue a mujeres que impulsan el desarrollo social, cultural, acad\u00e9mico y de salud en el Estado.<\/strong><\/li>\n<\/ul>\n\n\n\n<p>Como parte de las acciones impulsadas por el Gobernador Ricardo Gallardo Cardona en el marco del D\u00eda Internacional de la Mujer, la Secretar\u00eda de las Mujeres dio a conocer a las ganadoras del certamen Potosina del A\u00f1o Mujeres sin L\u00edmites 2026, iniciativa que fortalece las pol\u00edticas p\u00fablicas orientadas a respaldar a las potosinas de las cuatro regiones. Fueron seleccionadas Mar\u00eda Concepci\u00f3n Hern\u00e1ndez Hern\u00e1ndez, de la Huasteca en Desarrollo Social; Irma Araceli Villegas Ni\u00f1o, de la regi\u00f3n Centro en el \u00e1mbito Art\u00edstico; Ma. Eva Coronado Ram\u00edrez, del Altiplano en Derecho a la Salud; y Martha Elena Montoya Mart\u00ednez, de la regi\u00f3n Media en el \u00e1mbito Acad\u00e9mico.<\/p>\n\n\n\n<p>La encargada de despacho, Gloria Serrato S\u00e1nchez, detall\u00f3 que el reconocimiento forma parte de la pol\u00edtica sin l\u00edmites que impulsa la actual administraci\u00f3n para generar m\u00e1s oportunidades y consolidar espacios de respeto y protecci\u00f3n para las mujeres. Con esta distinci\u00f3n se visibiliza la aportaci\u00f3n de quienes fortalecen el bienestar colectivo y contribuyen al cambio que se vive y se siente en San Luis Potos\u00ed.<\/p>\n\n\n\n<p>La convocatoria cerr\u00f3 el 20 de febrero con la recepci\u00f3n de 69 propuestas provenientes de las cuatro regiones del Estado. Tras el an\u00e1lisis del Comit\u00e9 Seleccionador, se determin\u00f3 a las galardonadas, quienes recibir\u00e1n una estatuilla conmemorativa el jueves 5 de marzo en el Centro de Negocios Potos\u00ed.<\/p>\n","protected":false},"excerpt":{"rendered":"<p>Como parte de las acciones impulsadas por el Gobernador Ricardo Gallardo Cardona en el marco del D\u00eda Internacional de la Mujer, la Secretar\u00eda de las Mujeres dio a conocer a las ganadoras del certamen Potosina del A\u00f1o Mujeres sin L\u00edmites 2026, iniciativa que fortalece las pol\u00edticas p\u00fablicas orientadas a respaldar a las potosinas de las [&hellip;]<\/p>\n","protected":false},"author":1,"featured_media":30120,"comment_status":"open","ping_status":"open","sticky":false,"template":"","format":"standard","meta":{"om_disable_all_campaigns":false,"footnotes":""},"categories":[3],"tags":[],"aioseo_notices":[],"_links":{"self":[{"href":"https:\/\/smnoticias.com.mx\/index.php\/wp-json\/wp\/v2\/posts\/30119"}],"collection":[{"href":"https:\/\/smnoticias.com.mx\/index.php\/wp-json\/wp\/v2\/posts"}],"about":[{"href":"https:\/\/smnoticias.com.mx\/index.php\/wp-json\/wp\/v2\/types\/post"}],"author":[{"embeddable":true,"href":"https:\/\/smnoticias.com.mx\/index.php\/wp-json\/wp\/v2\/users\/1"}],"replies":[{"embeddable":true,"href":"https:\/\/smnoticias.com.mx\/index.php\/wp-json\/wp\/v2\/comments?post=30119"}],"version-history":[{"count":1,"href":"https:\/\/smnoticias.com.mx\/index.php\/wp-json\/wp\/v2\/posts\/30119\/revisions"}],"predecessor-version":[{"id":30121,"href":"https:\/\/smnoticias.com.mx\/index.php\/wp-json\/wp\/v2\/posts\/30119\/revisions\/30121"}],"wp:featuredmedia":[{"embeddable":true,"href":"https:\/\/smnoticias.com.mx\/index.php\/wp-json\/wp\/v2\/media\/30120"}],"wp:attachment":[{"href":"https:\/\/smnoticias.com.mx\/index.php\/wp-json\/wp\/v2\/media?parent=30119"}],"wp:term":[{"taxonomy":"category","embeddable":true,"href":"https:\/\/smnoticias.com.mx\/index.php\/wp-json\/wp\/v2\/categories?post=30119"},{"taxonomy":"post_tag","embeddable":true,"href":"https:\/\/smnoticias.com.mx\/index.php\/wp-json\/wp\/v2\/tags?post=30119"}],"curies":[{"name":"wp","href":"https:\/\/api.w.org\/{rel}","templated":true}]}}