{"id":30138,"date":"2026-03-02T13:58:00","date_gmt":"2026-03-02T13:58:00","guid":{"rendered":"https:\/\/smnoticias.com.mx\/?p=30138"},"modified":"2026-03-02T21:12:46","modified_gmt":"2026-03-02T21:12:46","slug":"villa-de-pozos-fortalece-la-inclusion","status":"publish","type":"post","link":"https:\/\/smnoticias.com.mx\/index.php\/2026\/03\/02\/villa-de-pozos-fortalece-la-inclusion\/","title":{"rendered":"Villa de Pozos fortalece la inclusi\u00f3n"},"content":{"rendered":"\n<ul>\n<li><strong>Villa de Pozos conmemora el 61 Aniversario de Educaci\u00f3n Especial en San Luis Potos\u00ed.<\/strong><\/li>\n<\/ul>\n\n\n\n<p>El Gobierno Municipal de Villa de Pozos, refrend\u00f3 su compromiso de fortalecer acciones para visibilizar y apoyar a las personas con capacidades diferentes, al participar en el acto c\u00edvico que conmemora el 61 aniversario de Educaci\u00f3n Especial.<\/p>\n\n\n\n<p>En representaci\u00f3n de la Presidenta Concejal, Paty Aradillas, el Secretario General del Ayuntamiento, Luis Gerardo Ruiz Ibarra, destac\u00f3 la importancia que las instituciones educativas cuenten con personal capacitado en educaci\u00f3n especial, para garantizar que ni\u00f1as, ni\u00f1os y j\u00f3venes contin\u00faen su formaci\u00f3n acad\u00e9mica sin exclusi\u00f3n y en condiciones de igualdad y respeto.<\/p>\n\n\n\n<p>Ruiz Ibarra, reconoci\u00f3 la labor que realiza el CAM \u201cCelest\u00edn Freinet\u201d al brindar atenci\u00f3n profesional y un entorno que impulsa el desarrollo integral de su alumnado.<\/p>\n\n\n\n<p>Al concluir el acto c\u00edvico, madres y padres de familia, as\u00ed como alumnas y alumnos del CAM, participaron en una actividad de activaci\u00f3n f\u00edsica y baile, en la que se comparti\u00f3 un momento de convivencia que reflej\u00f3 el esp\u00edritu de inclusi\u00f3n, unidad y celebraci\u00f3n que distingue a Villa de Pozos, y reafirma que la educaci\u00f3n especial es una causa que une y fortalece a toda la comunidad.<\/p>\n","protected":false},"excerpt":{"rendered":"<p>El Gobierno Municipal de Villa de Pozos, refrend\u00f3 su compromiso de fortalecer acciones para visibilizar y apoyar a las personas con capacidades diferentes, al participar en el acto c\u00edvico que conmemora el 61 aniversario de Educaci\u00f3n Especial. En representaci\u00f3n de la Presidenta Concejal, Paty Aradillas, el Secretario General del Ayuntamiento, Luis Gerardo Ruiz Ibarra, destac\u00f3 [&hellip;]<\/p>\n","protected":false},"author":1,"featured_media":30139,"comment_status":"open","ping_status":"open","sticky":false,"template":"","format":"standard","meta":{"om_disable_all_campaigns":false,"footnotes":""},"categories":[1],"tags":[],"aioseo_notices":[],"_links":{"self":[{"href":"https:\/\/smnoticias.com.mx\/index.php\/wp-json\/wp\/v2\/posts\/30138"}],"collection":[{"href":"https:\/\/smnoticias.com.mx\/index.php\/wp-json\/wp\/v2\/posts"}],"about":[{"href":"https:\/\/smnoticias.com.mx\/index.php\/wp-json\/wp\/v2\/types\/post"}],"author":[{"embeddable":true,"href":"https:\/\/smnoticias.com.mx\/index.php\/wp-json\/wp\/v2\/users\/1"}],"replies":[{"embeddable":true,"href":"https:\/\/smnoticias.com.mx\/index.php\/wp-json\/wp\/v2\/comments?post=30138"}],"version-history":[{"count":1,"href":"https:\/\/smnoticias.com.mx\/index.php\/wp-json\/wp\/v2\/posts\/30138\/revisions"}],"predecessor-version":[{"id":30140,"href":"https:\/\/smnoticias.com.mx\/index.php\/wp-json\/wp\/v2\/posts\/30138\/revisions\/30140"}],"wp:featuredmedia":[{"embeddable":true,"href":"https:\/\/smnoticias.com.mx\/index.php\/wp-json\/wp\/v2\/media\/30139"}],"wp:attachment":[{"href":"https:\/\/smnoticias.com.mx\/index.php\/wp-json\/wp\/v2\/media?parent=30138"}],"wp:term":[{"taxonomy":"category","embeddable":true,"href":"https:\/\/smnoticias.com.mx\/index.php\/wp-json\/wp\/v2\/categories?post=30138"},{"taxonomy":"post_tag","embeddable":true,"href":"https:\/\/smnoticias.com.mx\/index.php\/wp-json\/wp\/v2\/tags?post=30138"}],"curies":[{"name":"wp","href":"https:\/\/api.w.org\/{rel}","templated":true}]}}