{"id":30157,"date":"2026-03-02T17:00:00","date_gmt":"2026-03-02T17:00:00","guid":{"rendered":"https:\/\/smnoticias.com.mx\/?p=30157"},"modified":"2026-03-03T03:29:46","modified_gmt":"2026-03-03T03:29:46","slug":"festival-del-artesano-2026-proyecta-el-talento-potosino","status":"publish","type":"post","link":"https:\/\/smnoticias.com.mx\/index.php\/2026\/03\/02\/festival-del-artesano-2026-proyecta-el-talento-potosino\/","title":{"rendered":"Festival del Artesano 2026 proyecta el talento potosino"},"content":{"rendered":"\n<ul>\n<li><strong>El Gobierno del Estado fortalece la econom\u00eda con identidad y abre nuevos espacios para la promoci\u00f3n y comercializaci\u00f3n del trabajo artesanal de las cuatro regiones.<\/strong><\/li>\n<\/ul>\n\n\n\n<p>La Secretar\u00eda de Desarrollo Econ\u00f3mico (Sedeco) present\u00f3 el Festival del Artesano 2026 \u201cTalento Potos\u00ed\u201d, que se realizar\u00e1 del 20 al 22 de marzo en la Plaza Principal de Soledad de Graciano S\u00e1nchez, en el marco del D\u00eda Internacional del Artesano y Artesana. El evento se enmarca en el impulso productivo del Gobernador Ricardo Gallardo Cardona, orientado a respaldar sin l\u00edmites al sector artesanal y generar oportunidades para quienes preservan la riqueza cultural del Estado.<\/p>\n\n\n\n<p>El titular de la dependencia, Jes\u00fas Salvador Gonz\u00e1lez Mart\u00ednez, inform\u00f3 que participar\u00e1n 50 artesanas y artesanos provenientes de las cuatro regiones, quienes exhibir\u00e1n y comercializar\u00e1n sus creaciones, fortaleciendo la proyecci\u00f3n del talento local. Autoridades estatales y municipales coincidieron en que este encuentro representa una plataforma para consolidar la econom\u00eda cultural y reafirma el cambio que se vive y se siente al impulsar actividades que combinan tradici\u00f3n, identidad y desarrollo econ\u00f3mico.<\/p>\n\n\n\n<p>El festival tambi\u00e9n permitir\u00e1 reconocer el valor social de las comunidades ind\u00edgenas y su aportaci\u00f3n hist\u00f3rica a la identidad potosina, consolidando a Soledad de Graciano S\u00e1nchez como sede de un evento que promueve orgullo, inclusi\u00f3n y crecimiento para el sector artesanal.<\/p>\n","protected":false},"excerpt":{"rendered":"<p>La Secretar\u00eda de Desarrollo Econ\u00f3mico (Sedeco) present\u00f3 el Festival del Artesano 2026 \u201cTalento Potos\u00ed\u201d, que se realizar\u00e1 del 20 al 22 de marzo en la Plaza Principal de Soledad de Graciano S\u00e1nchez, en el marco del D\u00eda Internacional del Artesano y Artesana. El evento se enmarca en el impulso productivo del Gobernador Ricardo Gallardo Cardona, [&hellip;]<\/p>\n","protected":false},"author":1,"featured_media":30158,"comment_status":"open","ping_status":"open","sticky":false,"template":"","format":"standard","meta":{"om_disable_all_campaigns":false,"footnotes":""},"categories":[3],"tags":[],"aioseo_notices":[],"_links":{"self":[{"href":"https:\/\/smnoticias.com.mx\/index.php\/wp-json\/wp\/v2\/posts\/30157"}],"collection":[{"href":"https:\/\/smnoticias.com.mx\/index.php\/wp-json\/wp\/v2\/posts"}],"about":[{"href":"https:\/\/smnoticias.com.mx\/index.php\/wp-json\/wp\/v2\/types\/post"}],"author":[{"embeddable":true,"href":"https:\/\/smnoticias.com.mx\/index.php\/wp-json\/wp\/v2\/users\/1"}],"replies":[{"embeddable":true,"href":"https:\/\/smnoticias.com.mx\/index.php\/wp-json\/wp\/v2\/comments?post=30157"}],"version-history":[{"count":1,"href":"https:\/\/smnoticias.com.mx\/index.php\/wp-json\/wp\/v2\/posts\/30157\/revisions"}],"predecessor-version":[{"id":30159,"href":"https:\/\/smnoticias.com.mx\/index.php\/wp-json\/wp\/v2\/posts\/30157\/revisions\/30159"}],"wp:featuredmedia":[{"embeddable":true,"href":"https:\/\/smnoticias.com.mx\/index.php\/wp-json\/wp\/v2\/media\/30158"}],"wp:attachment":[{"href":"https:\/\/smnoticias.com.mx\/index.php\/wp-json\/wp\/v2\/media?parent=30157"}],"wp:term":[{"taxonomy":"category","embeddable":true,"href":"https:\/\/smnoticias.com.mx\/index.php\/wp-json\/wp\/v2\/categories?post=30157"},{"taxonomy":"post_tag","embeddable":true,"href":"https:\/\/smnoticias.com.mx\/index.php\/wp-json\/wp\/v2\/tags?post=30157"}],"curies":[{"name":"wp","href":"https:\/\/api.w.org\/{rel}","templated":true}]}}