{"id":30166,"date":"2026-03-02T16:00:00","date_gmt":"2026-03-02T16:00:00","guid":{"rendered":"https:\/\/smnoticias.com.mx\/?p=30166"},"modified":"2026-03-03T03:49:53","modified_gmt":"2026-03-03T03:49:53","slug":"impulsa-pan-slp-formacion-de-mujeres-interesadas-en-contender-en-el-proceso-electoral-2027","status":"publish","type":"post","link":"https:\/\/smnoticias.com.mx\/index.php\/2026\/03\/02\/impulsa-pan-slp-formacion-de-mujeres-interesadas-en-contender-en-el-proceso-electoral-2027\/","title":{"rendered":"Impulsa PAN SLP formaci\u00f3n de mujeres interesadas en contender en el proceso electoral 2027"},"content":{"rendered":"\n<p>La presidenta estatal del PAN, Ver\u00f3nica Rodr\u00edguez, anuncia jornada de capacitaciones durante marzo para preparar a mujeres, panistas y de la sociedad civil, que busquen una candidatura en el pr\u00f3ximo proceso electoral.<\/p>\n\n\n\n<p>En el marco del D\u00eda Internacional de la Mujer, la senadora y presidenta estatal del Partido Acci\u00f3n Nacional en San Luis Potos\u00ed, Ver\u00f3nica Rodr\u00edguez Hern\u00e1ndez, anunci\u00f3 que durante el mes de marzo el Comit\u00e9 Directivo Estatal llevar\u00e1 a cabo una serie de capacitaciones con el prop\u00f3sito de identificar, formar y preparar a mujeres panistas y no panistas interesadas en representar las siglas del PAN en el proceso electoral de 2027.<\/p>\n\n\n\n<p>En rueda de prensa, la dirigente estatal destac\u00f3 que estas acciones forman parte de una estrategia concreta orientada a impulsar a las mujeres que asumir\u00e1n el reto pol\u00edtico en los pr\u00f3ximos comicios. Subray\u00f3 que, al interior del PAN, cada vez m\u00e1s mujeres buscan participar activamente para incidir en la toma de decisiones desde los municipios, cabildos, el Congreso local y federal, as\u00ed como en cualquier espacio de representaci\u00f3n, reiterando que la voluntad de participar debe ir acompa\u00f1ada de preparaci\u00f3n.<\/p>\n\n\n\n<p>\u201cPorque las campa\u00f1as no se ganan solo con buenas propuestas. Se ganan con conocimiento de la ley electoral, con capacidad de comunicar, con claridad en el mensaje, con discurso y con estrategia; pero, sobre todo, con la convicci\u00f3n de salir a las calles, tocar puertas y hablar de frente con las y los ciudadanos\u201d, se\u00f1al\u00f3.<\/p>\n\n\n\n<p>Rodr\u00edguez Hern\u00e1ndez enfatiz\u00f3 que el proceso de capacitaci\u00f3n estar\u00e1 dirigido a mujeres de todo el estado y precis\u00f3 que la convocatoria estar\u00e1 abierta tambi\u00e9n a integrantes de la sociedad civil, lideresas de colonias y asociaciones, profesionistas, j\u00f3venes, activistas y a todas aquellas interesadas en encabezar un proyecto pol\u00edtico desde Acci\u00f3n Nacional y que deseen prepararse desde ahora para competir en 2027.<\/p>\n\n\n\n<p>Por su parte, la Secretaria Estatal de las Mujeres del PAN, Andrea Alvarado Cervantes, detall\u00f3 que el calendario contempla diversas jornadas estrat\u00e9gicas de formaci\u00f3n: el 9 de marzo se realizar\u00e1 una capacitaci\u00f3n estatal \u201cMedia Training and P\u00fablica Speaking\u201d impartida por la especialista en discurso pol\u00edtico Paulina Amozurrutia; el 21 de marzo se llevar\u00e1 a cabo el taller \u201cMujeres en la Pol\u00edtica: La Imagen del Triunfo; y el 28 de marzo se cerrar\u00e1 con una jornada integral denominada \u201cMujeres en la Pol\u00edtica: Liderazgo en Acci\u00f3n\u201d, enfocada en la construcci\u00f3n de proyectos s\u00f3lidos y competitivos.<\/p>\n\n\n\n<p>\u201cEstas acciones forman parte de una estrategia clara rumbo a 2027: queremos mujeres preparadas para ganar, gobernar y trabajar por San Luis Potos\u00ed y por M\u00e9xico. En Acci\u00f3n Nacional reafirmamos nuestro compromiso con el liderazgo real de las mujeres\u201d, concluy\u00f3 Alvarado Cervantes.<\/p>\n","protected":false},"excerpt":{"rendered":"<p>La presidenta estatal del PAN, Ver\u00f3nica Rodr\u00edguez, anuncia jornada de capacitaciones durante marzo para preparar a mujeres, panistas y de la sociedad civil, que busquen una candidatura en el pr\u00f3ximo proceso electoral. En el marco del D\u00eda Internacional de la Mujer, la senadora y presidenta estatal del Partido Acci\u00f3n Nacional en San Luis Potos\u00ed, Ver\u00f3nica [&hellip;]<\/p>\n","protected":false},"author":1,"featured_media":30167,"comment_status":"open","ping_status":"open","sticky":false,"template":"","format":"standard","meta":{"om_disable_all_campaigns":false,"footnotes":""},"categories":[13],"tags":[],"aioseo_notices":[],"_links":{"self":[{"href":"https:\/\/smnoticias.com.mx\/index.php\/wp-json\/wp\/v2\/posts\/30166"}],"collection":[{"href":"https:\/\/smnoticias.com.mx\/index.php\/wp-json\/wp\/v2\/posts"}],"about":[{"href":"https:\/\/smnoticias.com.mx\/index.php\/wp-json\/wp\/v2\/types\/post"}],"author":[{"embeddable":true,"href":"https:\/\/smnoticias.com.mx\/index.php\/wp-json\/wp\/v2\/users\/1"}],"replies":[{"embeddable":true,"href":"https:\/\/smnoticias.com.mx\/index.php\/wp-json\/wp\/v2\/comments?post=30166"}],"version-history":[{"count":1,"href":"https:\/\/smnoticias.com.mx\/index.php\/wp-json\/wp\/v2\/posts\/30166\/revisions"}],"predecessor-version":[{"id":30168,"href":"https:\/\/smnoticias.com.mx\/index.php\/wp-json\/wp\/v2\/posts\/30166\/revisions\/30168"}],"wp:featuredmedia":[{"embeddable":true,"href":"https:\/\/smnoticias.com.mx\/index.php\/wp-json\/wp\/v2\/media\/30167"}],"wp:attachment":[{"href":"https:\/\/smnoticias.com.mx\/index.php\/wp-json\/wp\/v2\/media?parent=30166"}],"wp:term":[{"taxonomy":"category","embeddable":true,"href":"https:\/\/smnoticias.com.mx\/index.php\/wp-json\/wp\/v2\/categories?post=30166"},{"taxonomy":"post_tag","embeddable":true,"href":"https:\/\/smnoticias.com.mx\/index.php\/wp-json\/wp\/v2\/tags?post=30166"}],"curies":[{"name":"wp","href":"https:\/\/api.w.org\/{rel}","templated":true}]}}