{"id":30169,"date":"2026-03-02T15:30:00","date_gmt":"2026-03-02T15:30:00","guid":{"rendered":"https:\/\/smnoticias.com.mx\/?p=30169"},"modified":"2026-03-03T04:21:32","modified_gmt":"2026-03-03T04:21:32","slug":"gcm-de-soledad-da-inicio-a-la-semana-morada-en-el-marco-del-8m","status":"publish","type":"post","link":"https:\/\/smnoticias.com.mx\/index.php\/2026\/03\/02\/gcm-de-soledad-da-inicio-a-la-semana-morada-en-el-marco-del-8m\/","title":{"rendered":"GCM de Soledad da inicio a la \u201cSemana Morada\u201d en el marco del 8M"},"content":{"rendered":"\n<ul>\n<li><strong>Del 2 al 8 de marzo se desarrollar\u00e1n actividades dirigidas a mujeres, ni\u00f1as y adolescentes del municipio, con el objetivo de promover una participaci\u00f3n activa y social para reconocer su liderazgo en la actualidad.<\/strong><\/li>\n<\/ul>\n\n\n\n<p>En el marco de la conmemoraci\u00f3n del D\u00eda Internacional de la Mujer, el pr\u00f3ximo 8 de marzo (8M), y siguiendo las indicaciones del Alcalde de Soledad de Graciano S\u00e1nchez, Juan Manuel Navarro Mu\u00f1iz, la Guardia Civil Municipal dio inicio a la \u201cSemana Morada\u201d, una agenda de actividades enfocadas en la prevenci\u00f3n, el fortalecimiento y la participaci\u00f3n activa de mujeres, ni\u00f1as y adolescentes de la demarcaci\u00f3n.<\/p>\n\n\n\n<p>A trav\u00e9s de la Unidad de Atenci\u00f3n de Violencia Familiar y de G\u00e9nero (UAVI) y la Subdirecci\u00f3n de Proximidad Social, se llevar\u00e1 a cabo el siguiente programa:<\/p>\n\n\n\n<p>* Lunes 02 de marzo: conversatorio \u201cLiderazgo con prop\u00f3sito: mujeres que emprenden\u201d, en la Comandancia Central de la corporaci\u00f3n a las 09:00 horas; m\u00f3dulo de detecci\u00f3n de c\u00e1ncer de mama en el Jard\u00edn Hidalgo, Plaza Principal de Cabecera Municipal, a las 10:00 horas.<\/p>\n\n\n\n<p>* Martes 03 de marzo: m\u00f3dulo de vacunaci\u00f3n y servicios municipales en el Centro de Atenci\u00f3n Familiar (CAF 01), colonia San Luis Uno, de 10:00 a 14:00 horas.<\/p>\n\n\n\n<p>* Mi\u00e9rcoles 04 de marzo: Feria de Seguridad en avenida Julio R. C\u00f3rdoba, colonia La Virgen.<\/p>\n\n\n\n<p>* Jueves 05 de marzo: m\u00f3dulo de detecci\u00f3n de c\u00e1ncer de mama y servicios municipales en el \u00e1rea recreativa de la colonia La Constancia, de 10:00 a 14:00 horas.<\/p>\n\n\n\n<p>* Viernes 06 de marzo: clases de zumba y defensa personal dirigidas a personal administrativo del H. Ayuntamiento, a las 08:30 horas; m\u00f3dulo de vacunaci\u00f3n y servicios municipales en el \u00e1rea recreativa Plaza La Vereda, colonia Pav\u00f3n, de 10:00 a 14:00 horas.<\/p>\n\n\n\n<p>* S\u00e1bado 07 de marzo: m\u00f3dulo de vacunaci\u00f3n y servicios municipales en Plaza Citadina, de 12:00 a 18:00 horas.<\/p>\n\n\n\n<p>* Domingo 08 de marzo: convivencia familiar 3K en el Parque Lineal de la colonia Hogares Populares Pav\u00f3n, a las 08:00 horas.<\/p>\n\n\n\n<p>Con el arranque de la \u201cSemana Morada\u201d, la Guardia Civil Municipal refrenda su compromiso de impulsar acciones preventivas y espacios seguros que promuevan el respeto, la igualdad y una vida libre de violencia para las mujeres de Soledad de Graciano S\u00e1nchez.<\/p>\n","protected":false},"excerpt":{"rendered":"<p>En el marco de la conmemoraci\u00f3n del D\u00eda Internacional de la Mujer, el pr\u00f3ximo 8 de marzo (8M), y siguiendo las indicaciones del Alcalde de Soledad de Graciano S\u00e1nchez, Juan Manuel Navarro Mu\u00f1iz, la Guardia Civil Municipal dio inicio a la \u201cSemana Morada\u201d, una agenda de actividades enfocadas en la prevenci\u00f3n, el fortalecimiento y la [&hellip;]<\/p>\n","protected":false},"author":1,"featured_media":30170,"comment_status":"open","ping_status":"open","sticky":false,"template":"","format":"standard","meta":{"om_disable_all_campaigns":false,"footnotes":""},"categories":[10],"tags":[],"aioseo_notices":[],"_links":{"self":[{"href":"https:\/\/smnoticias.com.mx\/index.php\/wp-json\/wp\/v2\/posts\/30169"}],"collection":[{"href":"https:\/\/smnoticias.com.mx\/index.php\/wp-json\/wp\/v2\/posts"}],"about":[{"href":"https:\/\/smnoticias.com.mx\/index.php\/wp-json\/wp\/v2\/types\/post"}],"author":[{"embeddable":true,"href":"https:\/\/smnoticias.com.mx\/index.php\/wp-json\/wp\/v2\/users\/1"}],"replies":[{"embeddable":true,"href":"https:\/\/smnoticias.com.mx\/index.php\/wp-json\/wp\/v2\/comments?post=30169"}],"version-history":[{"count":1,"href":"https:\/\/smnoticias.com.mx\/index.php\/wp-json\/wp\/v2\/posts\/30169\/revisions"}],"predecessor-version":[{"id":30171,"href":"https:\/\/smnoticias.com.mx\/index.php\/wp-json\/wp\/v2\/posts\/30169\/revisions\/30171"}],"wp:featuredmedia":[{"embeddable":true,"href":"https:\/\/smnoticias.com.mx\/index.php\/wp-json\/wp\/v2\/media\/30170"}],"wp:attachment":[{"href":"https:\/\/smnoticias.com.mx\/index.php\/wp-json\/wp\/v2\/media?parent=30169"}],"wp:term":[{"taxonomy":"category","embeddable":true,"href":"https:\/\/smnoticias.com.mx\/index.php\/wp-json\/wp\/v2\/categories?post=30169"},{"taxonomy":"post_tag","embeddable":true,"href":"https:\/\/smnoticias.com.mx\/index.php\/wp-json\/wp\/v2\/tags?post=30169"}],"curies":[{"name":"wp","href":"https:\/\/api.w.org\/{rel}","templated":true}]}}