{"id":32944,"date":"2026-04-24T15:50:00","date_gmt":"2026-04-24T15:50:00","guid":{"rendered":"https:\/\/smnoticias.com.mx\/?p=32944"},"modified":"2026-04-25T01:42:33","modified_gmt":"2026-04-25T01:42:33","slug":"concluye-con-exito-jornada-de-salud-dental-en-soledad-con-4-mil-tratamientos","status":"publish","type":"post","link":"https:\/\/smnoticias.com.mx\/index.php\/2026\/04\/24\/concluye-con-exito-jornada-de-salud-dental-en-soledad-con-4-mil-tratamientos\/","title":{"rendered":"Concluye con \u00e9xito, Jornada de Salud Dental en Soledad con 4 mil tratamientos"},"content":{"rendered":"\n<ul>\n<li><strong>La suma de esfuerzos entre gobierno municipal, academia e iniciativa privada permiti\u00f3 acercar servicios de salud bucal de calidad a quienes m\u00e1s lo requieren.<\/strong><\/li>\n<\/ul>\n\n\n\n<p>Con m\u00e1s de cuatro mil tratamientos dentales gratuitos otorgados a habitantes de distintas colonias y comunidades, concluy\u00f3 con gran \u00e9xito la Jornada de Salud Bucal realizada del 20 al 24 de abril en el Auditorio Municipal de Soledad de Graciano S\u00e1nchez, acercando servicios esenciales a familias que m\u00e1s lo necesitan; durante cinco d\u00edas, 28 especialistas de la Universidad Aut\u00f3noma de M\u00e9xico (UNAM) brindaron atenci\u00f3n integral que incluy\u00f3 limpiezas, aplicaci\u00f3n de fl\u00faor, extracciones, radiograf\u00edas y diagn\u00f3sticos, como parte de una estrategia enfocada en la cercan\u00eda y el bienestar de la poblaci\u00f3n.<\/p>\n\n\n\n<p>Esta iniciativa fue posible gracias al trabajo coordinado entre el Ayuntamiento, el Sistema Municipal para el Desarrollo Integral de la Familia (DIF), la Direcci\u00f3n de Desarrollo Econ\u00f3mico y aliados como Grupo FEMSA y la Facultad de Estomatolog\u00eda de la UNAM, consolidando as\u00ed un modelo de colaboraci\u00f3n que atiende a los sectores m\u00e1s vulnerables.<\/p>\n\n\n\n<p>En representaci\u00f3n del Alcalde Juan Manuel Navarro Mu\u00f1iz, el titular de Desarrollo Econ\u00f3mico, H\u00e9ctor Xavier Andrade Ovalle, encabez\u00f3 la entrega de reconocimientos a las y los odont\u00f3logos participantes, junto a representantes de Grupo FEMSA, destacando su compromiso social, la vocaci\u00f3n de servicio y el impacto social de su labor al llevar atenci\u00f3n especializada a personas que dif\u00edcilmente acceden a estos servicios, exaltando&nbsp; que la entrega de estudiantes y profesionales que contribuyeron a mejorar la salud bucal de la poblaci\u00f3n, refleja un gobierno cercano a las familias, que escucha y atiende sus necesidades, mediante la suma de esfuerzos con el sector acad\u00e9mico y la iniciativa privada para generar beneficios directos en la poblaci\u00f3n.<\/p>\n\n\n\n<p>\u201cEl resultado de esta jornada demuestra que cuando sumamos esfuerzos, logramos impactos reales en la calidad de vida de la gente; aqu\u00ed se atendi\u00f3 a ni\u00f1as, ni\u00f1os, j\u00f3venes y adultos mayores que dif\u00edcilmente acceden a este tipo de servicios, y hoy se van con una atenci\u00f3n digna y gratuita\u201d, expres\u00f3 el funcionario municipal, al reconocer tambi\u00e9n la vocaci\u00f3n social de quienes participaron en esta labor.<\/p>\n\n\n\n<p>Por su parte, el coordinador de la Facultad de Estomatolog\u00eda de la UNAM, Juan Carlos Rodr\u00edguez Avilez, subray\u00f3 que esta colaboraci\u00f3n permite incidir directamente en comunidades con mayores necesidades: \u201cNo podr\u00edamos hacerlo solos; se requiere de aliados como los gobiernos municipales y empresas comprometidas para llevar estos servicios a quienes m\u00e1s lo necesitan, en nuestro pa\u00eds, problemas como la caries y enfermedades periodontales siguen siendo una constante, muchas veces por falta de recursos o informaci\u00f3n, por eso es fundamental impulsar la prevenci\u00f3n desde el hogar, las escuelas y en conjunto con las autoridades\u201d.<\/p>\n\n\n\n<p>Con acciones como esta, el Ayuntamiento de Soledad de Graciano S\u00e1nchez reafirma su compromiso de mantenerse cercano a la gente, mediante el impulso de programas que atienden de manera directa las necesidades prioritarias de la poblaci\u00f3n y fortalecen la calidad de vida de ni\u00f1as, ni\u00f1os, j\u00f3venes y adultos, siempre bajo la encomienda de brindar bienestar y oportunidades a quienes m\u00e1s lo requieren.<\/p>\n","protected":false},"excerpt":{"rendered":"<p>Con m\u00e1s de cuatro mil tratamientos dentales gratuitos otorgados a habitantes de distintas colonias y comunidades, concluy\u00f3 con gran \u00e9xito la Jornada de Salud Bucal realizada del 20 al 24 de abril en el Auditorio Municipal de Soledad de Graciano S\u00e1nchez, acercando servicios esenciales a familias que m\u00e1s lo necesitan; durante cinco d\u00edas, 28 especialistas [&hellip;]<\/p>\n","protected":false},"author":1,"featured_media":32945,"comment_status":"open","ping_status":"open","sticky":false,"template":"","format":"standard","meta":{"om_disable_all_campaigns":false,"footnotes":""},"categories":[10],"tags":[],"aioseo_notices":[],"_links":{"self":[{"href":"https:\/\/smnoticias.com.mx\/index.php\/wp-json\/wp\/v2\/posts\/32944"}],"collection":[{"href":"https:\/\/smnoticias.com.mx\/index.php\/wp-json\/wp\/v2\/posts"}],"about":[{"href":"https:\/\/smnoticias.com.mx\/index.php\/wp-json\/wp\/v2\/types\/post"}],"author":[{"embeddable":true,"href":"https:\/\/smnoticias.com.mx\/index.php\/wp-json\/wp\/v2\/users\/1"}],"replies":[{"embeddable":true,"href":"https:\/\/smnoticias.com.mx\/index.php\/wp-json\/wp\/v2\/comments?post=32944"}],"version-history":[{"count":1,"href":"https:\/\/smnoticias.com.mx\/index.php\/wp-json\/wp\/v2\/posts\/32944\/revisions"}],"predecessor-version":[{"id":32946,"href":"https:\/\/smnoticias.com.mx\/index.php\/wp-json\/wp\/v2\/posts\/32944\/revisions\/32946"}],"wp:featuredmedia":[{"embeddable":true,"href":"https:\/\/smnoticias.com.mx\/index.php\/wp-json\/wp\/v2\/media\/32945"}],"wp:attachment":[{"href":"https:\/\/smnoticias.com.mx\/index.php\/wp-json\/wp\/v2\/media?parent=32944"}],"wp:term":[{"taxonomy":"category","embeddable":true,"href":"https:\/\/smnoticias.com.mx\/index.php\/wp-json\/wp\/v2\/categories?post=32944"},{"taxonomy":"post_tag","embeddable":true,"href":"https:\/\/smnoticias.com.mx\/index.php\/wp-json\/wp\/v2\/tags?post=32944"}],"curies":[{"name":"wp","href":"https:\/\/api.w.org\/{rel}","templated":true}]}}