{"id":32957,"date":"2026-04-24T15:40:00","date_gmt":"2026-04-24T15:40:00","guid":{"rendered":"https:\/\/smnoticias.com.mx\/?p=32957"},"modified":"2026-04-25T02:29:45","modified_gmt":"2026-04-25T02:29:45","slug":"invitan-a-concierto-de-estudiantinas-y-callejoneada-de-mascaras-y-antifaces","status":"publish","type":"post","link":"https:\/\/smnoticias.com.mx\/index.php\/2026\/04\/24\/invitan-a-concierto-de-estudiantinas-y-callejoneada-de-mascaras-y-antifaces\/","title":{"rendered":"Invitan a concierto de estudiantinas y callejoneada de m\u00e1scaras y antifaces"},"content":{"rendered":"\n<ul>\n<li><strong>Para la callejoneada se invita al p\u00fablico asistente a portar una m\u00e1scara o antifaz, ya que las tres mejores m\u00e1scaras que participen durante la noche se llevar\u00e1n un premio.<\/strong><\/li>\n<\/ul>\n\n\n\n<p>Este d\u00eda, en el lobby del Teatro de la Paz, se llev\u00f3 a cabo la presentaci\u00f3n de dos actividades culturales: \u201cUna gran noche de tunas, concierto de estudiantinas potosinas\u201d, que se realizar\u00e1 el s\u00e1bado 9 de mayo a las 19:00 horas en este recinto, y la \u201cCallejoneada de m\u00e1scaras y disfraces\u201d, programada para el s\u00e1bado 16 de mayo a las 19:00 horas, partiendo de las inmediaciones del Museo Nacional de la M\u00e1scara.<\/p>\n\n\n\n<p>Las actividades fueron dadas a conocer en rueda de prensa encabezada por el secretario de Cultura, Mario Garc\u00eda Valdez; el director del Museo Nacional de la M\u00e1scara, Emilio Eduardo Briones Rosales; as\u00ed como representantes de diversas estudiantinas, quienes destacaron que este encuentro celebra la creatividad, la tradici\u00f3n y la identidad, en el marco del D\u00eda Internacional de los Museos.<\/p>\n\n\n\n<p>Para la callejoneada, se invita al p\u00fablico asistente a portar una m\u00e1scara o antifaz, ya que las tres mejores propuestas ser\u00e1n premiadas durante el recorrido. Adem\u00e1s, se entregar\u00e1n reconocimientos a personas que, a lo largo de los a\u00f1os, han contribuido a preservar estas tradiciones surgidas en espacios universitarios.<\/p>\n\n\n\n<p>Estas actividades buscan ofrecer una experiencia llena de m\u00fasica, recorrido y participaci\u00f3n colectiva, donde las calles se llenen de vida, color y expresiones que fortalecen el v\u00ednculo con nuestras ra\u00edces culturales.<\/p>\n","protected":false},"excerpt":{"rendered":"<p>Este d\u00eda, en el lobby del Teatro de la Paz, se llev\u00f3 a cabo la presentaci\u00f3n de dos actividades culturales: \u201cUna gran noche de tunas, concierto de estudiantinas potosinas\u201d, que se realizar\u00e1 el s\u00e1bado 9 de mayo a las 19:00 horas en este recinto, y la \u201cCallejoneada de m\u00e1scaras y disfraces\u201d, programada para el s\u00e1bado [&hellip;]<\/p>\n","protected":false},"author":1,"featured_media":32958,"comment_status":"open","ping_status":"open","sticky":false,"template":"","format":"standard","meta":{"om_disable_all_campaigns":false,"footnotes":""},"categories":[6],"tags":[],"aioseo_notices":[],"_links":{"self":[{"href":"https:\/\/smnoticias.com.mx\/index.php\/wp-json\/wp\/v2\/posts\/32957"}],"collection":[{"href":"https:\/\/smnoticias.com.mx\/index.php\/wp-json\/wp\/v2\/posts"}],"about":[{"href":"https:\/\/smnoticias.com.mx\/index.php\/wp-json\/wp\/v2\/types\/post"}],"author":[{"embeddable":true,"href":"https:\/\/smnoticias.com.mx\/index.php\/wp-json\/wp\/v2\/users\/1"}],"replies":[{"embeddable":true,"href":"https:\/\/smnoticias.com.mx\/index.php\/wp-json\/wp\/v2\/comments?post=32957"}],"version-history":[{"count":1,"href":"https:\/\/smnoticias.com.mx\/index.php\/wp-json\/wp\/v2\/posts\/32957\/revisions"}],"predecessor-version":[{"id":32959,"href":"https:\/\/smnoticias.com.mx\/index.php\/wp-json\/wp\/v2\/posts\/32957\/revisions\/32959"}],"wp:featuredmedia":[{"embeddable":true,"href":"https:\/\/smnoticias.com.mx\/index.php\/wp-json\/wp\/v2\/media\/32958"}],"wp:attachment":[{"href":"https:\/\/smnoticias.com.mx\/index.php\/wp-json\/wp\/v2\/media?parent=32957"}],"wp:term":[{"taxonomy":"category","embeddable":true,"href":"https:\/\/smnoticias.com.mx\/index.php\/wp-json\/wp\/v2\/categories?post=32957"},{"taxonomy":"post_tag","embeddable":true,"href":"https:\/\/smnoticias.com.mx\/index.php\/wp-json\/wp\/v2\/tags?post=32957"}],"curies":[{"name":"wp","href":"https:\/\/api.w.org\/{rel}","templated":true}]}}