{"id":32966,"date":"2026-04-24T17:30:00","date_gmt":"2026-04-24T17:30:00","guid":{"rendered":"https:\/\/smnoticias.com.mx\/?p=32966"},"modified":"2026-04-25T03:35:17","modified_gmt":"2026-04-25T03:35:17","slug":"gobierno-estatal-presenta-la-guia-de-la-catedral-metropolitana-de-san-luis-potosi","status":"publish","type":"post","link":"https:\/\/smnoticias.com.mx\/index.php\/2026\/04\/24\/gobierno-estatal-presenta-la-guia-de-la-catedral-metropolitana-de-san-luis-potosi\/","title":{"rendered":"Gobierno estatal presenta la gu\u00eda de la Catedral Metropolitana de San Luis Potos\u00ed"},"content":{"rendered":"\n<ul>\n<li><strong>Impulsa la difusi\u00f3n del patrimonio cultural, hist\u00f3rico y art\u00edstico del Estado.<\/strong><\/li>\n<\/ul>\n\n\n\n<p>Siguiendo la instrucci\u00f3n del Gobernador Ricardo Gallardo Cardona de fortalecer la preservaci\u00f3n, difusi\u00f3n y acceso al patrimonio hist\u00f3rico y cultural, la Secretar\u00eda de Cultura (Secult) present\u00f3 la \u201cGu\u00eda de la Catedral Metropolitana\u201d, obra de los arquitectos Alejandro Galv\u00e1n Arellano y Alejandro Galv\u00e1n Avil\u00e9s, que acerca a la ciudadan\u00eda a uno de los recintos m\u00e1s emblem\u00e1ticos de la entidad.<\/p>\n\n\n\n<p>Durante el evento, que cont\u00f3 con la presencia del arzobispo Jorge Alberto Cavazos Arizpe, el titular de la dependencia, Mario Garc\u00eda Valdez, destac\u00f3 que este tipo de publicaciones permiten visibilizar la riqueza cultural del Estado y fomentar su valoraci\u00f3n. La obra, editada por la editorial Ponciano Arriaga, ofrece un recorrido detallado por la arquitectura, simbolog\u00eda y obras de arte que resguarda el recinto.<\/p>\n\n\n\n<p>Con la participaci\u00f3n de representantes culturales, acad\u00e9micos y p\u00fablico en general, esta presentaci\u00f3n se consolid\u00f3 como un espacio de reflexi\u00f3n en torno al patrimonio. En San Luis Potos\u00ed, el cambio se vive y se siente fortaleciendo la memoria colectiva y garantizando un mayor acceso a la cultura.<\/p>\n","protected":false},"excerpt":{"rendered":"<p>Siguiendo la instrucci\u00f3n del Gobernador Ricardo Gallardo Cardona de fortalecer la preservaci\u00f3n, difusi\u00f3n y acceso al patrimonio hist\u00f3rico y cultural, la Secretar\u00eda de Cultura (Secult) present\u00f3 la \u201cGu\u00eda de la Catedral Metropolitana\u201d, obra de los arquitectos Alejandro Galv\u00e1n Arellano y Alejandro Galv\u00e1n Avil\u00e9s, que acerca a la ciudadan\u00eda a uno de los recintos m\u00e1s emblem\u00e1ticos [&hellip;]<\/p>\n","protected":false},"author":1,"featured_media":32967,"comment_status":"open","ping_status":"open","sticky":false,"template":"","format":"standard","meta":{"om_disable_all_campaigns":false,"footnotes":""},"categories":[3],"tags":[],"aioseo_notices":[],"_links":{"self":[{"href":"https:\/\/smnoticias.com.mx\/index.php\/wp-json\/wp\/v2\/posts\/32966"}],"collection":[{"href":"https:\/\/smnoticias.com.mx\/index.php\/wp-json\/wp\/v2\/posts"}],"about":[{"href":"https:\/\/smnoticias.com.mx\/index.php\/wp-json\/wp\/v2\/types\/post"}],"author":[{"embeddable":true,"href":"https:\/\/smnoticias.com.mx\/index.php\/wp-json\/wp\/v2\/users\/1"}],"replies":[{"embeddable":true,"href":"https:\/\/smnoticias.com.mx\/index.php\/wp-json\/wp\/v2\/comments?post=32966"}],"version-history":[{"count":1,"href":"https:\/\/smnoticias.com.mx\/index.php\/wp-json\/wp\/v2\/posts\/32966\/revisions"}],"predecessor-version":[{"id":32968,"href":"https:\/\/smnoticias.com.mx\/index.php\/wp-json\/wp\/v2\/posts\/32966\/revisions\/32968"}],"wp:featuredmedia":[{"embeddable":true,"href":"https:\/\/smnoticias.com.mx\/index.php\/wp-json\/wp\/v2\/media\/32967"}],"wp:attachment":[{"href":"https:\/\/smnoticias.com.mx\/index.php\/wp-json\/wp\/v2\/media?parent=32966"}],"wp:term":[{"taxonomy":"category","embeddable":true,"href":"https:\/\/smnoticias.com.mx\/index.php\/wp-json\/wp\/v2\/categories?post=32966"},{"taxonomy":"post_tag","embeddable":true,"href":"https:\/\/smnoticias.com.mx\/index.php\/wp-json\/wp\/v2\/tags?post=32966"}],"curies":[{"name":"wp","href":"https:\/\/api.w.org\/{rel}","templated":true}]}}