{"id":33000,"date":"2026-04-25T17:30:00","date_gmt":"2026-04-25T17:30:00","guid":{"rendered":"https:\/\/smnoticias.com.mx\/?p=33000"},"modified":"2026-04-26T20:14:06","modified_gmt":"2026-04-26T20:14:06","slug":"estado-arranca-semana-nacional-de-vacunacion-2026","status":"publish","type":"post","link":"https:\/\/smnoticias.com.mx\/index.php\/2026\/04\/25\/estado-arranca-semana-nacional-de-vacunacion-2026\/","title":{"rendered":"Estado arranca Semana Nacional de Vacunaci\u00f3n 2026"},"content":{"rendered":"\n<p>&#8211;&nbsp;&nbsp;&nbsp;&nbsp;&nbsp;&nbsp; <strong>Del 25 de abril al 2 de mayo, instituciones de salud aplicar\u00e1n biol\u00f3gicos en todo San Luis Potos\u00ed para iniciar y completar esquemas de protecci\u00f3n.<\/strong><\/p>\n\n\n\n<p>Cumpliendo con el compromiso del Gobernador Ricardo Gallardo Cardona de fortalecer la atenci\u00f3n m\u00e9dica para las familias potosinas, los Servicios de Salud arrancaron en Aquism\u00f3n la Semana Nacional de Vacunaci\u00f3n 2026, jornada que busca ampliar la cobertura y prevenir enfermedades en las cuatro regiones.<\/p>\n\n\n\n<p>La titular de la dependencia, Leticia Mariana G\u00f3mez Ordaz, detall\u00f3 que, del 25 de abril al 2 de mayo, las instituciones p\u00fablicas de salud instalar\u00e1n m\u00f3dulos en unidades m\u00e9dicas, plazas y diversos espacios de atenci\u00f3n para aplicar cerca de 40 mil dosis contra padecimientos como sarampi\u00f3n, tosferina, hepatitis, neumococo y t\u00e9tanos. Este esfuerzo de desarrollo sin l\u00edmites acerca servicios esenciales a la poblaci\u00f3n y refuerza la prevenci\u00f3n.<\/p>\n\n\n\n<p>La jornada contar\u00e1 con trabajo coordinado entre Servicios de Salud, IMSS Bienestar, IMSS Ordinario, ISSSTE, PEMEX y SEDENA. Adem\u00e1s, incorpora la vacuna contra el Virus Sincitial Respiratorio (VSR) para embarazadas entre las semanas 32 y 36 de gestaci\u00f3n, medida que demuestra el cambio que se vive y se siente en la protecci\u00f3n de la poblaci\u00f3n.<\/p>\n","protected":false},"excerpt":{"rendered":"<p>&#8211;&nbsp;&nbsp;&nbsp;&nbsp;&nbsp;&nbsp; Del 25 de abril al 2 de mayo, instituciones de salud aplicar\u00e1n biol\u00f3gicos en todo San Luis Potos\u00ed para iniciar y completar esquemas de protecci\u00f3n. Cumpliendo con el compromiso del Gobernador Ricardo Gallardo Cardona de fortalecer la atenci\u00f3n m\u00e9dica para las familias potosinas, los Servicios de Salud arrancaron en Aquism\u00f3n la Semana Nacional de [&hellip;]<\/p>\n","protected":false},"author":1,"featured_media":33003,"comment_status":"open","ping_status":"open","sticky":false,"template":"","format":"standard","meta":{"om_disable_all_campaigns":false,"footnotes":""},"categories":[3],"tags":[],"aioseo_notices":[],"_links":{"self":[{"href":"https:\/\/smnoticias.com.mx\/index.php\/wp-json\/wp\/v2\/posts\/33000"}],"collection":[{"href":"https:\/\/smnoticias.com.mx\/index.php\/wp-json\/wp\/v2\/posts"}],"about":[{"href":"https:\/\/smnoticias.com.mx\/index.php\/wp-json\/wp\/v2\/types\/post"}],"author":[{"embeddable":true,"href":"https:\/\/smnoticias.com.mx\/index.php\/wp-json\/wp\/v2\/users\/1"}],"replies":[{"embeddable":true,"href":"https:\/\/smnoticias.com.mx\/index.php\/wp-json\/wp\/v2\/comments?post=33000"}],"version-history":[{"count":1,"href":"https:\/\/smnoticias.com.mx\/index.php\/wp-json\/wp\/v2\/posts\/33000\/revisions"}],"predecessor-version":[{"id":33011,"href":"https:\/\/smnoticias.com.mx\/index.php\/wp-json\/wp\/v2\/posts\/33000\/revisions\/33011"}],"wp:featuredmedia":[{"embeddable":true,"href":"https:\/\/smnoticias.com.mx\/index.php\/wp-json\/wp\/v2\/media\/33003"}],"wp:attachment":[{"href":"https:\/\/smnoticias.com.mx\/index.php\/wp-json\/wp\/v2\/media?parent=33000"}],"wp:term":[{"taxonomy":"category","embeddable":true,"href":"https:\/\/smnoticias.com.mx\/index.php\/wp-json\/wp\/v2\/categories?post=33000"},{"taxonomy":"post_tag","embeddable":true,"href":"https:\/\/smnoticias.com.mx\/index.php\/wp-json\/wp\/v2\/tags?post=33000"}],"curies":[{"name":"wp","href":"https:\/\/api.w.org\/{rel}","templated":true}]}}