{"id":33022,"date":"2026-04-25T15:00:00","date_gmt":"2026-04-25T15:00:00","guid":{"rendered":"https:\/\/smnoticias.com.mx\/?p=33022"},"modified":"2026-04-26T20:35:05","modified_gmt":"2026-04-26T20:35:05","slug":"el-freestyle-rap-hizo-vibrar-a-villa-de-pozos","status":"publish","type":"post","link":"https:\/\/smnoticias.com.mx\/index.php\/2026\/04\/25\/el-freestyle-rap-hizo-vibrar-a-villa-de-pozos\/","title":{"rendered":"El freestyle rap hizo vibrar a Villa de Pozos"},"content":{"rendered":"\n<p>\u2013&nbsp;&nbsp;&nbsp;&nbsp;&nbsp; <strong>Talento local, ritmo y competencia se reunieron en una jornada llena de energ\u00eda en Plaza Las \u00c1guilas.<\/strong><\/p>\n\n\n\n<p>Con el objetivo de impulsar el talento joven y abrir espacios para la expresi\u00f3n art\u00edstica urbana, el Gobierno Municipal de Villa de Pozos, a trav\u00e9s de la Direcci\u00f3n de Cultura, llev\u00f3 a cabo \u201cEl Pozo de las Barras\u201d, un evento de freestyle rap que reuni\u00f3 a destacadas voces emergentes en una jornada llena de energ\u00eda, creatividad y flow.<\/p>\n\n\n\n<p>El evento se realiz\u00f3 en Plaza Las \u00c1guilas, donde las y los participantes demostraron su habilidad l\u00edrica, improvisaci\u00f3n y presencia esc\u00e9nica en una competencia que ofreci\u00f3 grandes enfrentamientos y un alto nivel de talento sobre el escenario.<\/p>\n\n\n\n<p>La directora de cultura, Cecilia Uribe Rodr\u00edguez, inform\u00f3 que este evento se consolid\u00f3 como un espacio donde las juventudes pudieron expresarse libremente, compartir su arte y fortalecer la cultura urbana, adem\u00e1s de fomentar la sana convivencia y el respeto entre participantes.<\/p>\n\n\n\n<p>Durante la jornada, Uribe Rodr\u00edguez, se\u00f1al\u00f3 que se llev\u00f3 a cabo la premiaci\u00f3n de los tres primeros lugares, por lo que se reconoci\u00f3 el esfuerzo, la creatividad y el nivel de cada competidor, quienes destacaron por su talento y capacidad de improvisaci\u00f3n; asimismo destac\u00f3 la importancia de generar este tipo de iniciativas que visibilizan el talento local y promueven nuevas formas de arte, acercando a las juventudes a espacios positivos de participaci\u00f3n.<\/p>\n","protected":false},"excerpt":{"rendered":"<p>\u2013&nbsp;&nbsp;&nbsp;&nbsp;&nbsp; Talento local, ritmo y competencia se reunieron en una jornada llena de energ\u00eda en Plaza Las \u00c1guilas. Con el objetivo de impulsar el talento joven y abrir espacios para la expresi\u00f3n art\u00edstica urbana, el Gobierno Municipal de Villa de Pozos, a trav\u00e9s de la Direcci\u00f3n de Cultura, llev\u00f3 a cabo \u201cEl Pozo de las [&hellip;]<\/p>\n","protected":false},"author":1,"featured_media":33020,"comment_status":"open","ping_status":"open","sticky":false,"template":"","format":"standard","meta":{"om_disable_all_campaigns":false,"footnotes":""},"categories":[15],"tags":[],"aioseo_notices":[],"_links":{"self":[{"href":"https:\/\/smnoticias.com.mx\/index.php\/wp-json\/wp\/v2\/posts\/33022"}],"collection":[{"href":"https:\/\/smnoticias.com.mx\/index.php\/wp-json\/wp\/v2\/posts"}],"about":[{"href":"https:\/\/smnoticias.com.mx\/index.php\/wp-json\/wp\/v2\/types\/post"}],"author":[{"embeddable":true,"href":"https:\/\/smnoticias.com.mx\/index.php\/wp-json\/wp\/v2\/users\/1"}],"replies":[{"embeddable":true,"href":"https:\/\/smnoticias.com.mx\/index.php\/wp-json\/wp\/v2\/comments?post=33022"}],"version-history":[{"count":1,"href":"https:\/\/smnoticias.com.mx\/index.php\/wp-json\/wp\/v2\/posts\/33022\/revisions"}],"predecessor-version":[{"id":33023,"href":"https:\/\/smnoticias.com.mx\/index.php\/wp-json\/wp\/v2\/posts\/33022\/revisions\/33023"}],"wp:featuredmedia":[{"embeddable":true,"href":"https:\/\/smnoticias.com.mx\/index.php\/wp-json\/wp\/v2\/media\/33020"}],"wp:attachment":[{"href":"https:\/\/smnoticias.com.mx\/index.php\/wp-json\/wp\/v2\/media?parent=33022"}],"wp:term":[{"taxonomy":"category","embeddable":true,"href":"https:\/\/smnoticias.com.mx\/index.php\/wp-json\/wp\/v2\/categories?post=33022"},{"taxonomy":"post_tag","embeddable":true,"href":"https:\/\/smnoticias.com.mx\/index.php\/wp-json\/wp\/v2\/tags?post=33022"}],"curies":[{"name":"wp","href":"https:\/\/api.w.org\/{rel}","templated":true}]}}