{"id":33026,"date":"2026-04-26T11:30:00","date_gmt":"2026-04-26T11:30:00","guid":{"rendered":"https:\/\/smnoticias.com.mx\/?p=33026"},"modified":"2026-04-26T20:42:13","modified_gmt":"2026-04-26T20:42:13","slug":"paty-aradillas-fortalece-lazos-con-canaco","status":"publish","type":"post","link":"https:\/\/smnoticias.com.mx\/index.php\/2026\/04\/26\/paty-aradillas-fortalece-lazos-con-canaco\/","title":{"rendered":"Paty Aradillas fortalece lazos con Canaco"},"content":{"rendered":"\n<ul>\n<li><strong>La presidenta concejal refrend\u00f3 el compromiso de mantener un acercamiento permanente con los distintos sectores productivos para generar oportunidades de crecimiento en el municipio<\/strong><\/li>\n<\/ul>\n\n\n\n<p>Con el objetivo de fortalecer el comercio local y detonar el desarrollo econ\u00f3mico de Villa de Pozos, la presidenta concejal Paty Aradillas sostuvo una reuni\u00f3n de trabajo con el presidente de la Camara Nacional de Comercio, Servicios y Turismo en San Luis (CANACO), Mauricio Mahbub T\u00e1mez.<\/p>\n\n\n\n<p>Mediante este encuentro la presidenta concejal refrend\u00f3 el compromiso de mantener un acercamiento permanente con los distintos sectores productivos para generar oportunidades de crecimiento en el municipio, por lo que, durante la reuni\u00f3n, Paty Aradillas destac\u00f3 la importancia de la coordinaci\u00f3n entre el gobierno municipal y el sector empresarial, a fin de impulsar estrategias que beneficien a este sector.<\/p>\n\n\n\n<p>Asimismo, abordaron temas relacionados con la promoci\u00f3n del comercio formal, la atracci\u00f3n de inversiones y el impulso a iniciativas que favorezcan la actividad econ\u00f3mica en Villa de Pozos. Ambas partes coincidieron en la necesidad de sumar esfuerzos para generar mejores condiciones para quienes forman parte del sector comercial.<\/p>\n\n\n\n<p>Finalmente, Paty Aradillas reiter\u00f3 su disposici\u00f3n de trabajar de la mano con organismos empresariales y c\u00e1maras comerciales, impulsando pol\u00edticas p\u00fablicas que favorezcan el desarrollo econ\u00f3mico del municipio y consolidar una agenda de trabajo conjunta orientada a fortalecer el comercio local y mejorar la calidad de vida de la poblaci\u00f3n.<\/p>\n","protected":false},"excerpt":{"rendered":"<p>Con el objetivo de fortalecer el comercio local y detonar el desarrollo econ\u00f3mico de Villa de Pozos, la presidenta concejal Paty Aradillas sostuvo una reuni\u00f3n de trabajo con el presidente de la Camara Nacional de Comercio, Servicios y Turismo en San Luis (CANACO), Mauricio Mahbub T\u00e1mez. Mediante este encuentro la presidenta concejal refrend\u00f3 el compromiso [&hellip;]<\/p>\n","protected":false},"author":1,"featured_media":33027,"comment_status":"open","ping_status":"open","sticky":false,"template":"","format":"standard","meta":{"om_disable_all_campaigns":false,"footnotes":""},"categories":[15],"tags":[],"aioseo_notices":[],"_links":{"self":[{"href":"https:\/\/smnoticias.com.mx\/index.php\/wp-json\/wp\/v2\/posts\/33026"}],"collection":[{"href":"https:\/\/smnoticias.com.mx\/index.php\/wp-json\/wp\/v2\/posts"}],"about":[{"href":"https:\/\/smnoticias.com.mx\/index.php\/wp-json\/wp\/v2\/types\/post"}],"author":[{"embeddable":true,"href":"https:\/\/smnoticias.com.mx\/index.php\/wp-json\/wp\/v2\/users\/1"}],"replies":[{"embeddable":true,"href":"https:\/\/smnoticias.com.mx\/index.php\/wp-json\/wp\/v2\/comments?post=33026"}],"version-history":[{"count":1,"href":"https:\/\/smnoticias.com.mx\/index.php\/wp-json\/wp\/v2\/posts\/33026\/revisions"}],"predecessor-version":[{"id":33028,"href":"https:\/\/smnoticias.com.mx\/index.php\/wp-json\/wp\/v2\/posts\/33026\/revisions\/33028"}],"wp:featuredmedia":[{"embeddable":true,"href":"https:\/\/smnoticias.com.mx\/index.php\/wp-json\/wp\/v2\/media\/33027"}],"wp:attachment":[{"href":"https:\/\/smnoticias.com.mx\/index.php\/wp-json\/wp\/v2\/media?parent=33026"}],"wp:term":[{"taxonomy":"category","embeddable":true,"href":"https:\/\/smnoticias.com.mx\/index.php\/wp-json\/wp\/v2\/categories?post=33026"},{"taxonomy":"post_tag","embeddable":true,"href":"https:\/\/smnoticias.com.mx\/index.php\/wp-json\/wp\/v2\/tags?post=33026"}],"curies":[{"name":"wp","href":"https:\/\/api.w.org\/{rel}","templated":true}]}}