{"id":33035,"date":"2026-04-26T13:40:00","date_gmt":"2026-04-26T13:40:00","guid":{"rendered":"https:\/\/smnoticias.com.mx\/?p=33035"},"modified":"2026-04-26T20:48:58","modified_gmt":"2026-04-26T20:48:58","slug":"gobiernos-de-mexico-y-de-san-luis-capital-realizan-feria-de-paz-en-la-zona-norte","status":"publish","type":"post","link":"https:\/\/smnoticias.com.mx\/index.php\/2026\/04\/26\/gobiernos-de-mexico-y-de-san-luis-capital-realizan-feria-de-paz-en-la-zona-norte\/","title":{"rendered":"Gobiernos de M\u00e9xico y de San Luis Capital realizan Feria de Paz en la zona norte"},"content":{"rendered":"\n<ul>\n<li><strong>En representaci\u00f3n del Alcalde Enrique Galindo; el Secretario de Bienestar, Edmundo Torrescano, reafirma la importancia de este acercamiento con las potosinas y potosinos.<\/strong><\/li>\n\n\n\n<li><strong>Habitantes de Los Magueyes aprovecharon las acciones y servicios que fueron llevados hasta \u00e9sta y otras colonias por las autoridades federal y municipal.<\/strong><\/li>\n<\/ul>\n\n\n\n<p>En Los Magueyes, donde se llev\u00f3 a cabo La Feria de Paz, como parte de la estrategia de Territorios de Paz del Gobierno Federal, en representaci\u00f3n del Alcalde Enrique Galindo Ceballos; el Secretario de Bienestar de la Capital, Edmundo Torrescano Medina, subray\u00f3 esta alianza estrat\u00e9gica para consolidar la paz en M\u00e9xico, siempre de la mano entre la ciudadan\u00eda y las autoridades.<\/p>\n\n\n\n<p>Ante funcionarias y funcionarios federales, municipales, del Congreso Local, as\u00ed como de habitantes de esta zona de la ciudad, Torrescano Medina reafirm\u00f3 la importancia de generar m\u00e1s oportunidades para la ciudadan\u00eda en general, aunque especialmente tambi\u00e9n a favor de de la ni\u00f1ez y la juventud potosina con distintas acciones emprendidas y respaldadas por el Presidente Municipal Enrique Galindo.<\/p>\n\n\n\n<p>El Secretario de Bienestar del Ayuntamiento Capitalino puntualiz\u00f3 que con estos eventos \u00ablos gobiernos vienen hasta las colonias y con estos ejercicios tambi\u00e9n se puede acceder a programas tanto municipales como federales para construir entre todas y todos un San Luis m\u00e1s amable\u00bb.<\/p>\n\n\n\n<p>En su intervenci\u00f3n, la secretaria t\u00e9cnica de la Mesa de la Paz, Noem\u00ed Medina del \u00c1ngel resalt\u00f3 la respuesta de diversas dependencias para atender este llamado, tambi\u00e9n igualmente a quienes habitan esta zona, \u00aby con ello cumplimos con la encomienda de la Presidenta de M\u00e9xico, Claudia Sheinbaum de dar una atenci\u00f3n integral&nbsp; con trabajo en territorio\u00bb. El representante de la Mesa de Paz regi\u00f3n San Luis, Miguel \u00c1ngel Hern\u00e1ndez Calvillo dio a conocer que tambi\u00e9n se beneficiar\u00e1n a vecinas y vecinos de Los Vergeles, con esta Feria de Paz y Territorios de Paz en su 3a edici\u00f3n en el Municipio de San Luis, con las que se busca tener una proximidad real con las potosinas y potosinos.<\/p>\n\n\n\n<p>Finalmente, despu\u00e9s de dar inicio a la creaci\u00f3n de un mural, las autoridades municipales y federales junto con habitantes de este sector de la ciudad hicieron un recorrido por los distintos stands donde se dio respuesta a la asistencia.<\/p>\n","protected":false},"excerpt":{"rendered":"<p>En Los Magueyes, donde se llev\u00f3 a cabo La Feria de Paz, como parte de la estrategia de Territorios de Paz del Gobierno Federal, en representaci\u00f3n del Alcalde Enrique Galindo Ceballos; el Secretario de Bienestar de la Capital, Edmundo Torrescano Medina, subray\u00f3 esta alianza estrat\u00e9gica para consolidar la paz en M\u00e9xico, siempre de la mano [&hellip;]<\/p>\n","protected":false},"author":1,"featured_media":33036,"comment_status":"open","ping_status":"open","sticky":false,"template":"","format":"standard","meta":{"om_disable_all_campaigns":false,"footnotes":""},"categories":[4],"tags":[],"aioseo_notices":[],"_links":{"self":[{"href":"https:\/\/smnoticias.com.mx\/index.php\/wp-json\/wp\/v2\/posts\/33035"}],"collection":[{"href":"https:\/\/smnoticias.com.mx\/index.php\/wp-json\/wp\/v2\/posts"}],"about":[{"href":"https:\/\/smnoticias.com.mx\/index.php\/wp-json\/wp\/v2\/types\/post"}],"author":[{"embeddable":true,"href":"https:\/\/smnoticias.com.mx\/index.php\/wp-json\/wp\/v2\/users\/1"}],"replies":[{"embeddable":true,"href":"https:\/\/smnoticias.com.mx\/index.php\/wp-json\/wp\/v2\/comments?post=33035"}],"version-history":[{"count":1,"href":"https:\/\/smnoticias.com.mx\/index.php\/wp-json\/wp\/v2\/posts\/33035\/revisions"}],"predecessor-version":[{"id":33037,"href":"https:\/\/smnoticias.com.mx\/index.php\/wp-json\/wp\/v2\/posts\/33035\/revisions\/33037"}],"wp:featuredmedia":[{"embeddable":true,"href":"https:\/\/smnoticias.com.mx\/index.php\/wp-json\/wp\/v2\/media\/33036"}],"wp:attachment":[{"href":"https:\/\/smnoticias.com.mx\/index.php\/wp-json\/wp\/v2\/media?parent=33035"}],"wp:term":[{"taxonomy":"category","embeddable":true,"href":"https:\/\/smnoticias.com.mx\/index.php\/wp-json\/wp\/v2\/categories?post=33035"},{"taxonomy":"post_tag","embeddable":true,"href":"https:\/\/smnoticias.com.mx\/index.php\/wp-json\/wp\/v2\/tags?post=33035"}],"curies":[{"name":"wp","href":"https:\/\/api.w.org\/{rel}","templated":true}]}}