{"id":33038,"date":"2026-04-26T14:49:00","date_gmt":"2026-04-26T14:49:00","guid":{"rendered":"https:\/\/smnoticias.com.mx\/?p=33038"},"modified":"2026-04-26T20:50:54","modified_gmt":"2026-04-26T20:50:54","slug":"gobierno-de-la-capital-celebra-el-dia-de-la-ninez","status":"publish","type":"post","link":"https:\/\/smnoticias.com.mx\/index.php\/2026\/04\/26\/gobierno-de-la-capital-celebra-el-dia-de-la-ninez\/","title":{"rendered":"Gobierno de la Capital celebra el D\u00eda de la Ni\u00f1ez"},"content":{"rendered":"\n<ul>\n<li><strong>El Alcalde Enrique Galindo encabez\u00f3 el festejo en el Parque de Morales, donde reconoci\u00f3 a las familias del personal municipal y destac\u00f3 la importancia de generar espacios de convivencia y alegr\u00eda para la ni\u00f1ez.<\/strong><\/li>\n<\/ul>\n\n\n\n<p>El Gobierno de la Capital conmemor\u00f3 el D\u00eda de la Ni\u00f1ez con un festejo dedicado a las hijas e hijos de las y los trabajadores municipales en el Parque de Morales, en un ambiente de alegr\u00eda, uni\u00f3n familiar y sana convivencia. Durante la celebraci\u00f3n, el Alcalde Enrique Galindo expres\u00f3: \u201cQueremos que disfruten este d\u00eda, que se diviertan mucho, que sepan que este festejo es para ustedes, con todo el cari\u00f1o y reconocimiento por el trabajo que realizan sus mam\u00e1s y pap\u00e1s todos los d\u00edas\u201d.<\/p>\n\n\n\n<p>El evento reuni\u00f3 a cientos de familias que disfrutaron de diversas actividades recreativas, juegos, din\u00e1micas y espect\u00e1culos pensados especialmente para las ni\u00f1as y los ni\u00f1os, quienes vivieron una jornada llena de sorpresas, diversi\u00f3n y momentos inolvidables.<\/p>\n\n\n\n<p>En su mensaje, el Alcalde Enrique Galindo reiter\u00f3 el valor de reconocer el esfuerzo diario de las y los trabajadores municipales a trav\u00e9s de acciones que tambi\u00e9n beneficien a sus familias, fortaleciendo el sentido de comunidad y pertenencia dentro del Ayuntamiento.<\/p>\n\n\n\n<p>Con este tipo de celebraciones, el Gobierno de la Capital refrenda su compromiso de impulsar entornos de bienestar y convivencia, fomentando la alegr\u00eda y el desarrollo integral de la ni\u00f1ez.<\/p>\n","protected":false},"excerpt":{"rendered":"<p>El Gobierno de la Capital conmemor\u00f3 el D\u00eda de la Ni\u00f1ez con un festejo dedicado a las hijas e hijos de las y los trabajadores municipales en el Parque de Morales, en un ambiente de alegr\u00eda, uni\u00f3n familiar y sana convivencia. Durante la celebraci\u00f3n, el Alcalde Enrique Galindo expres\u00f3: \u201cQueremos que disfruten este d\u00eda, que [&hellip;]<\/p>\n","protected":false},"author":1,"featured_media":33039,"comment_status":"open","ping_status":"open","sticky":false,"template":"","format":"standard","meta":{"om_disable_all_campaigns":false,"footnotes":""},"categories":[4],"tags":[],"aioseo_notices":[],"_links":{"self":[{"href":"https:\/\/smnoticias.com.mx\/index.php\/wp-json\/wp\/v2\/posts\/33038"}],"collection":[{"href":"https:\/\/smnoticias.com.mx\/index.php\/wp-json\/wp\/v2\/posts"}],"about":[{"href":"https:\/\/smnoticias.com.mx\/index.php\/wp-json\/wp\/v2\/types\/post"}],"author":[{"embeddable":true,"href":"https:\/\/smnoticias.com.mx\/index.php\/wp-json\/wp\/v2\/users\/1"}],"replies":[{"embeddable":true,"href":"https:\/\/smnoticias.com.mx\/index.php\/wp-json\/wp\/v2\/comments?post=33038"}],"version-history":[{"count":1,"href":"https:\/\/smnoticias.com.mx\/index.php\/wp-json\/wp\/v2\/posts\/33038\/revisions"}],"predecessor-version":[{"id":33040,"href":"https:\/\/smnoticias.com.mx\/index.php\/wp-json\/wp\/v2\/posts\/33038\/revisions\/33040"}],"wp:featuredmedia":[{"embeddable":true,"href":"https:\/\/smnoticias.com.mx\/index.php\/wp-json\/wp\/v2\/media\/33039"}],"wp:attachment":[{"href":"https:\/\/smnoticias.com.mx\/index.php\/wp-json\/wp\/v2\/media?parent=33038"}],"wp:term":[{"taxonomy":"category","embeddable":true,"href":"https:\/\/smnoticias.com.mx\/index.php\/wp-json\/wp\/v2\/categories?post=33038"},{"taxonomy":"post_tag","embeddable":true,"href":"https:\/\/smnoticias.com.mx\/index.php\/wp-json\/wp\/v2\/tags?post=33038"}],"curies":[{"name":"wp","href":"https:\/\/api.w.org\/{rel}","templated":true}]}}