{"id":33041,"date":"2026-04-26T11:44:00","date_gmt":"2026-04-26T11:44:00","guid":{"rendered":"https:\/\/smnoticias.com.mx\/?p=33041"},"modified":"2026-04-26T20:54:03","modified_gmt":"2026-04-26T20:54:03","slug":"soledad-de-gs-respalda-el-deporte-con-causa-en-el-parque-lineal-se-vive-la-ruta-del-bien","status":"publish","type":"post","link":"https:\/\/smnoticias.com.mx\/index.php\/2026\/04\/26\/soledad-de-gs-respalda-el-deporte-con-causa-en-el-parque-lineal-se-vive-la-ruta-del-bien\/","title":{"rendered":"Soledad de GS respalda el deporte con causa: en el parque lineal se vive la \u201cRuta del Bien\u201d"},"content":{"rendered":"\n<ul>\n<li><strong>El Ayuntamiento, a trav\u00e9s de Deporte Municipal, respald\u00f3 esta actividad solidaria que reuni\u00f3 a la poblaci\u00f3n en el Parque Lineal Providencia.<\/strong><\/li>\n<\/ul>\n\n\n\n<p>Con el impulso del Ayuntamiento de Soledad de Graciano S\u00e1nchez, a trav\u00e9s de la Coordinaci\u00f3n de Deporte Municipal, este domingo se realiz\u00f3 la carrera atl\u00e9tica \u201cRuta del Bien: Ayudando al Pr\u00f3jimo\u201d, que reuni\u00f3 a familias, j\u00f3venes y personas adultas en el Parque Lineal Providencia para fomentar la activaci\u00f3n f\u00edsica con causa social; la actividad se desarroll\u00f3 en el marco del D\u00eda de las Buenas Acciones, con participaci\u00f3n simult\u00e1nea en m\u00e1s de 100 pa\u00edses, y en el municipio se consolid\u00f3 como un espacio cercano a la poblaci\u00f3n para promover valores de solidaridad y bienestar.<\/p>\n\n\n\n<p>Durante la jornada, las y los participantes recorrieron distancias de 3 y 6 kil\u00f3metros en un circuito seguro, con salida y meta en el acceso al Parque Lineal Providencia, donde el Gobierno Municipal brind\u00f3 apoyo log\u00edstico, se\u00f1alizaci\u00f3n, puntos de hidrataci\u00f3n y atenci\u00f3n m\u00e9dica, garantizando condiciones adecuadas para todas y todos; estas acciones responden a la instrucci\u00f3n de mantener una Administraci\u00f3n cercana a las familias, que atiende iniciativas que fortalecen el tejido social, como lo ha impulsado el Alcalde Juan Manuel Navarro Mu\u00f1iz.<\/p>\n\n\n\n<p>La carrera contempl\u00f3 categor\u00edas femenil y varonil libre en ambas distancias, con premiaci\u00f3n en especie para los primeros lugares, adem\u00e1s de la entrega de medallas, n\u00fameros y certificados de agradecimiento a quienes participaron, mientras lo recaudado por el registro ser\u00e1 destinado a respaldar actividades de acompa\u00f1amiento a ni\u00f1as, ni\u00f1os y familias en situaci\u00f3n vulnerable, lo que refuerza el impacto social de este tipo de eventos en el municipio.<\/p>\n\n\n\n<p>Durante esta competencia destac\u00f3 la participaci\u00f3n de Javier Salazar y Berenice Ramos en la rama varonil 3 km, as\u00ed como Esmeralda Ramos y Diego Flores en las pruebas de 6 km.<\/p>\n\n\n\n<p>\u201cHacer una carrera con causa es parte de la indicaci\u00f3n de nuestro Alcalde, quien impulsa el esfuerzo en el D\u00eda de las Buenas Acciones; tuvimos cerca de 300 participantes en distancias de 3 y 6 kil\u00f3metros en el Parque Providencia, un espacio adecuado para este tipo de eventos, con seguridad y el apoyo del \u00e1rea de Tr\u00e1nsito Municipal; adem\u00e1s, se cont\u00f3 con la participaci\u00f3n de ni\u00f1as y ni\u00f1os desde los cuatro o cinco a\u00f1os acompa\u00f1ados de sus familias\u201d, expres\u00f3 Hugo Esquivel Montoya, coordinador de Deportes Municipal.<\/p>\n\n\n\n<p>A trav\u00e9s de la suma de esfuerzos con organizaciones civiles, como la Fundaci\u00f3n \u201cAyudemos al Pr\u00f3jimo\u201d, el Ayuntamiento refrenda su compromiso de impulsar acciones que mantengan cercan\u00eda con los distintos sectores de la poblaci\u00f3n, promoviendo entornos de convivencia, salud y apoyo solidario, donde la participaci\u00f3n ciudadana es clave para seguir construyendo bienestar en Soledad de Graciano S\u00e1nchez.<\/p>\n","protected":false},"excerpt":{"rendered":"<p>Con el impulso del Ayuntamiento de Soledad de Graciano S\u00e1nchez, a trav\u00e9s de la Coordinaci\u00f3n de Deporte Municipal, este domingo se realiz\u00f3 la carrera atl\u00e9tica \u201cRuta del Bien: Ayudando al Pr\u00f3jimo\u201d, que reuni\u00f3 a familias, j\u00f3venes y personas adultas en el Parque Lineal Providencia para fomentar la activaci\u00f3n f\u00edsica con causa social; la actividad se [&hellip;]<\/p>\n","protected":false},"author":1,"featured_media":33042,"comment_status":"open","ping_status":"open","sticky":false,"template":"","format":"standard","meta":{"om_disable_all_campaigns":false,"footnotes":""},"categories":[10],"tags":[],"aioseo_notices":[],"_links":{"self":[{"href":"https:\/\/smnoticias.com.mx\/index.php\/wp-json\/wp\/v2\/posts\/33041"}],"collection":[{"href":"https:\/\/smnoticias.com.mx\/index.php\/wp-json\/wp\/v2\/posts"}],"about":[{"href":"https:\/\/smnoticias.com.mx\/index.php\/wp-json\/wp\/v2\/types\/post"}],"author":[{"embeddable":true,"href":"https:\/\/smnoticias.com.mx\/index.php\/wp-json\/wp\/v2\/users\/1"}],"replies":[{"embeddable":true,"href":"https:\/\/smnoticias.com.mx\/index.php\/wp-json\/wp\/v2\/comments?post=33041"}],"version-history":[{"count":1,"href":"https:\/\/smnoticias.com.mx\/index.php\/wp-json\/wp\/v2\/posts\/33041\/revisions"}],"predecessor-version":[{"id":33043,"href":"https:\/\/smnoticias.com.mx\/index.php\/wp-json\/wp\/v2\/posts\/33041\/revisions\/33043"}],"wp:featuredmedia":[{"embeddable":true,"href":"https:\/\/smnoticias.com.mx\/index.php\/wp-json\/wp\/v2\/media\/33042"}],"wp:attachment":[{"href":"https:\/\/smnoticias.com.mx\/index.php\/wp-json\/wp\/v2\/media?parent=33041"}],"wp:term":[{"taxonomy":"category","embeddable":true,"href":"https:\/\/smnoticias.com.mx\/index.php\/wp-json\/wp\/v2\/categories?post=33041"},{"taxonomy":"post_tag","embeddable":true,"href":"https:\/\/smnoticias.com.mx\/index.php\/wp-json\/wp\/v2\/tags?post=33041"}],"curies":[{"name":"wp","href":"https:\/\/api.w.org\/{rel}","templated":true}]}}