{"id":33053,"date":"2026-04-26T10:00:00","date_gmt":"2026-04-26T10:00:00","guid":{"rendered":"https:\/\/smnoticias.com.mx\/?p=33053"},"modified":"2026-04-26T21:05:52","modified_gmt":"2026-04-26T21:05:52","slug":"gobierno-estatal-fortalece-talento-juvenil-con-estrategia-internacional","status":"publish","type":"post","link":"https:\/\/smnoticias.com.mx\/index.php\/2026\/04\/26\/gobierno-estatal-fortalece-talento-juvenil-con-estrategia-internacional\/","title":{"rendered":"Gobierno estatal fortalece talento juvenil con estrategia internacional"},"content":{"rendered":"\n<ul>\n<li><strong>WorldSkills M\u00e9xico abre nuevas oportunidades de capacitaci\u00f3n y competencia para j\u00f3venes potosinos en \u00e1reas t\u00e9cnicas de alta demanda.<\/strong><\/li>\n<\/ul>\n\n\n\n<p>Bajo la encomienda del Gobernador Ricardo Gallardo Cardona de generar m\u00e1s oportunidades para la juventud, la Secretar\u00eda de Desarrollo Econ\u00f3mico (Sedeco) present\u00f3 WorldSkills M\u00e9xico, iniciativa del Gobierno del Estado, que impulsar\u00e1 la preparaci\u00f3n t\u00e9cnica de estudiantes potosinos con est\u00e1ndares internacionales. Este esfuerzo abre camino al desarrollo sin l\u00edmites del talento local y a una mejor vinculaci\u00f3n con el entorno laboral.<\/p>\n\n\n\n<p>La reuni\u00f3n fue encabezada por el titular de la dependencia, Jes\u00fas Salvador Gonz\u00e1lez Mart\u00ednez, con la participaci\u00f3n de los titulares de la Secretar\u00eda de Educaci\u00f3n de Gobierno del Estado (SEGE) y la Secretar\u00eda del Trabajo y Previsi\u00f3n Social (STPS), Juan Carlos Torres Cedillo y Cris\u00f3gono S\u00e1nchez Lara, quienes suman capacidades para que m\u00e1s estudiantes accedan a herramientas actuales y mejor preparaci\u00f3n.<\/p>\n\n\n\n<p>Dirigido a j\u00f3venes de entre 15 y 23 a\u00f1os, el programa contempla competencias en rob\u00f3tica, mecatr\u00f3nica, tecnolog\u00edas web, instalaciones el\u00e9ctricas y soldadura, adem\u00e1s de capacitaci\u00f3n especializada y evaluaciones t\u00e9cnicas. La competencia est\u00e1 prevista del 23 al 26 de noviembre y consolida el cambio que se vive y se siente con nuevas rutas de crecimiento profesional.<\/p>\n","protected":false},"excerpt":{"rendered":"<p>Bajo la encomienda del Gobernador Ricardo Gallardo Cardona de generar m\u00e1s oportunidades para la juventud, la Secretar\u00eda de Desarrollo Econ\u00f3mico (Sedeco) present\u00f3 WorldSkills M\u00e9xico, iniciativa del Gobierno del Estado, que impulsar\u00e1 la preparaci\u00f3n t\u00e9cnica de estudiantes potosinos con est\u00e1ndares internacionales. Este esfuerzo abre camino al desarrollo sin l\u00edmites del talento local y a una mejor [&hellip;]<\/p>\n","protected":false},"author":1,"featured_media":33054,"comment_status":"open","ping_status":"open","sticky":false,"template":"","format":"standard","meta":{"om_disable_all_campaigns":false,"footnotes":""},"categories":[3],"tags":[],"aioseo_notices":[],"_links":{"self":[{"href":"https:\/\/smnoticias.com.mx\/index.php\/wp-json\/wp\/v2\/posts\/33053"}],"collection":[{"href":"https:\/\/smnoticias.com.mx\/index.php\/wp-json\/wp\/v2\/posts"}],"about":[{"href":"https:\/\/smnoticias.com.mx\/index.php\/wp-json\/wp\/v2\/types\/post"}],"author":[{"embeddable":true,"href":"https:\/\/smnoticias.com.mx\/index.php\/wp-json\/wp\/v2\/users\/1"}],"replies":[{"embeddable":true,"href":"https:\/\/smnoticias.com.mx\/index.php\/wp-json\/wp\/v2\/comments?post=33053"}],"version-history":[{"count":1,"href":"https:\/\/smnoticias.com.mx\/index.php\/wp-json\/wp\/v2\/posts\/33053\/revisions"}],"predecessor-version":[{"id":33055,"href":"https:\/\/smnoticias.com.mx\/index.php\/wp-json\/wp\/v2\/posts\/33053\/revisions\/33055"}],"wp:featuredmedia":[{"embeddable":true,"href":"https:\/\/smnoticias.com.mx\/index.php\/wp-json\/wp\/v2\/media\/33054"}],"wp:attachment":[{"href":"https:\/\/smnoticias.com.mx\/index.php\/wp-json\/wp\/v2\/media?parent=33053"}],"wp:term":[{"taxonomy":"category","embeddable":true,"href":"https:\/\/smnoticias.com.mx\/index.php\/wp-json\/wp\/v2\/categories?post=33053"},{"taxonomy":"post_tag","embeddable":true,"href":"https:\/\/smnoticias.com.mx\/index.php\/wp-json\/wp\/v2\/tags?post=33053"}],"curies":[{"name":"wp","href":"https:\/\/api.w.org\/{rel}","templated":true}]}}