{"id":33068,"date":"2026-04-26T18:50:00","date_gmt":"2026-04-26T18:50:00","guid":{"rendered":"https:\/\/smnoticias.com.mx\/?p=33068"},"modified":"2026-04-27T02:49:27","modified_gmt":"2026-04-27T02:49:27","slug":"gobierno-estatal-clausura-festival-potosino-de-clarinete-y-saxofon","status":"publish","type":"post","link":"https:\/\/smnoticias.com.mx\/index.php\/2026\/04\/26\/gobierno-estatal-clausura-festival-potosino-de-clarinete-y-saxofon\/","title":{"rendered":"Gobierno estatal clausura Festival Potosino de Clarinete y Saxof\u00f3n"},"content":{"rendered":"\n<ul>\n<li><strong>El encuentro reuni\u00f3 talento nacional e internacional y fortaleci\u00f3 la formaci\u00f3n musical de estudiantes y comunidad art\u00edstica en San Luis Potos\u00ed.<\/strong><\/li>\n<\/ul>\n\n\n\n<p>Gracias al apoyo del Gobernador Ricardo Gallardo Cardona para ampliar la oferta cultural, el Gobierno del Estado celebr\u00f3 con gran \u00e9xito la clausura del Festival Potosino de Clarinete y Saxof\u00f3n en el Centro de las Artes (Ceart), consolidando una agenda cultural sin l\u00edmites que acerca actividades de alto nivel a ni\u00f1as, ni\u00f1os, j\u00f3venes y familias potosinas.<\/p>\n\n\n\n<p>Durante varios d\u00edas, el festival reuni\u00f3 a m\u00fasicos nacionales e internacionales, estudiantes, docentes y agrupaciones locales en jornadas de conciertos, clases magistrales, cl\u00ednicas especializadas y espacios de aprendizaje impulsados por el Sistema Educativo Estatal Regular (SEER) y la Escuela Estatal de M\u00fasica. La amplia participaci\u00f3n demuestra el cambio que se vive y se siente con m\u00e1s oportunidades de formaci\u00f3n art\u00edstica y acceso a expresiones culturales de calidad.<\/p>\n\n\n\n<p>Con el concierto de clausura concluy\u00f3 una edici\u00f3n que fortalece a San Luis Potos\u00ed como referente en promoci\u00f3n musical y desarrollo creativo. El director general, Mart\u00edn Rodr\u00edguez Ram\u00edrez, destac\u00f3 que desde el Gobierno del Estado se contin\u00faan generando espacios que impulsan el talento local, enriquecen la vida cultural y abren nuevas oportunidades para las y los j\u00f3venes artistas.<\/p>\n","protected":false},"excerpt":{"rendered":"<p>Gracias al apoyo del Gobernador Ricardo Gallardo Cardona para ampliar la oferta cultural, el Gobierno del Estado celebr\u00f3 con gran \u00e9xito la clausura del Festival Potosino de Clarinete y Saxof\u00f3n en el Centro de las Artes (Ceart), consolidando una agenda cultural sin l\u00edmites que acerca actividades de alto nivel a ni\u00f1as, ni\u00f1os, j\u00f3venes y familias [&hellip;]<\/p>\n","protected":false},"author":1,"featured_media":33069,"comment_status":"open","ping_status":"open","sticky":false,"template":"","format":"standard","meta":{"om_disable_all_campaigns":false,"footnotes":""},"categories":[6],"tags":[],"aioseo_notices":[],"_links":{"self":[{"href":"https:\/\/smnoticias.com.mx\/index.php\/wp-json\/wp\/v2\/posts\/33068"}],"collection":[{"href":"https:\/\/smnoticias.com.mx\/index.php\/wp-json\/wp\/v2\/posts"}],"about":[{"href":"https:\/\/smnoticias.com.mx\/index.php\/wp-json\/wp\/v2\/types\/post"}],"author":[{"embeddable":true,"href":"https:\/\/smnoticias.com.mx\/index.php\/wp-json\/wp\/v2\/users\/1"}],"replies":[{"embeddable":true,"href":"https:\/\/smnoticias.com.mx\/index.php\/wp-json\/wp\/v2\/comments?post=33068"}],"version-history":[{"count":1,"href":"https:\/\/smnoticias.com.mx\/index.php\/wp-json\/wp\/v2\/posts\/33068\/revisions"}],"predecessor-version":[{"id":33070,"href":"https:\/\/smnoticias.com.mx\/index.php\/wp-json\/wp\/v2\/posts\/33068\/revisions\/33070"}],"wp:featuredmedia":[{"embeddable":true,"href":"https:\/\/smnoticias.com.mx\/index.php\/wp-json\/wp\/v2\/media\/33069"}],"wp:attachment":[{"href":"https:\/\/smnoticias.com.mx\/index.php\/wp-json\/wp\/v2\/media?parent=33068"}],"wp:term":[{"taxonomy":"category","embeddable":true,"href":"https:\/\/smnoticias.com.mx\/index.php\/wp-json\/wp\/v2\/categories?post=33068"},{"taxonomy":"post_tag","embeddable":true,"href":"https:\/\/smnoticias.com.mx\/index.php\/wp-json\/wp\/v2\/tags?post=33068"}],"curies":[{"name":"wp","href":"https:\/\/api.w.org\/{rel}","templated":true}]}}