{"id":33073,"date":"2026-04-27T12:02:00","date_gmt":"2026-04-27T12:02:00","guid":{"rendered":"https:\/\/smnoticias.com.mx\/?p=33073"},"modified":"2026-04-27T18:08:39","modified_gmt":"2026-04-27T18:08:39","slug":"proteccion-civil-estatal-intensifica-platicas-de-prevencion-y-primeros-auxilios-en-escuelas","status":"publish","type":"post","link":"https:\/\/smnoticias.com.mx\/index.php\/2026\/04\/27\/proteccion-civil-estatal-intensifica-platicas-de-prevencion-y-primeros-auxilios-en-escuelas\/","title":{"rendered":"Protecci\u00f3n Civil Estatal intensifica pl\u00e1ticas de prevenci\u00f3n y primeros auxilios en escuelas"},"content":{"rendered":"\n<p>Derivado de una instrucci\u00f3n girada por el Gobernador, Ricardo Gallardo Cardona para intensificar las labores de proximidad social en los planteles educativos de todos los niveles, promoviendo temas de gran inter\u00e9s como la prevenci\u00f3n y primeros auxilios, esta ma\u00f1ana, el personal del \u00c1rea de Capacitaci\u00f3n de la Coordinaci\u00f3n Estatal de Protecci\u00f3n Civil, acudi\u00f3 a la escuela primaria \u201cMargarita Mart\u00ednez\u201d en Soledad de Graciano S\u00e1nchez<\/p>\n\n\n\n<p>Se trat\u00f3 de una charla interactiva y did\u00e1ctica con la entusiasta participaci\u00f3n del alumnado y docentes con temas como evaluaci\u00f3n de la escena, activaci\u00f3n del servicio de emergencia, soporte b\u00e1sico de vida,&nbsp; hemorragias, maniobra de heimlich y RCP.<\/p>\n\n\n\n<p>\u201cSomos una instituci\u00f3n comprometida con la proximidad social, pues recordemos que la esencia justamente de Protecci\u00f3n Civil Estatal es la capacitaci\u00f3n y profesionalizaci\u00f3n en todos los \u00e1mbitos y sectores de la sociedad\u201d, destac\u00f3 el titular de la CEPC, Mauricio Ordaz Flores.<\/p>\n\n\n\n<p>Record\u00f3 que son tem\u00e1ticas interactivas, did\u00e1cticas y educativas en primero lugar para formar en edades tempranas una cultura de protecci\u00f3n civil y dar una&nbsp; explicaci\u00f3n a grandes rasgos sobre el trabajo que desarrolla pero tambi\u00e9n que puede ser un tema vocaci\u00f3n, por lo cual se les muestra mediante pr\u00e1cticas un aspecto primordial como son los primeros auxilios y su importancia en la actualidad como una forma de salvar vidas.<\/p>\n\n\n\n<p>Semana tras semana, la CEPC realiza visitas en escuelas a petici\u00f3n de la comunidad docente y de padres de familia con muy buenos resultados, ya que en promedio se impactan a 200 alumnos o m\u00e1s, finaliz\u00f3 el comandante Ordaz Flores.<\/p>\n","protected":false},"excerpt":{"rendered":"<p>Derivado de una instrucci\u00f3n girada por el Gobernador, Ricardo Gallardo Cardona para intensificar las labores de proximidad social en los planteles educativos de todos los niveles, promoviendo temas de gran inter\u00e9s como la prevenci\u00f3n y primeros auxilios, esta ma\u00f1ana, el personal del \u00c1rea de Capacitaci\u00f3n de la Coordinaci\u00f3n Estatal de Protecci\u00f3n Civil, acudi\u00f3 a la [&hellip;]<\/p>\n","protected":false},"author":1,"featured_media":33075,"comment_status":"open","ping_status":"open","sticky":false,"template":"","format":"standard","meta":{"om_disable_all_campaigns":false,"footnotes":""},"categories":[3],"tags":[],"aioseo_notices":[],"_links":{"self":[{"href":"https:\/\/smnoticias.com.mx\/index.php\/wp-json\/wp\/v2\/posts\/33073"}],"collection":[{"href":"https:\/\/smnoticias.com.mx\/index.php\/wp-json\/wp\/v2\/posts"}],"about":[{"href":"https:\/\/smnoticias.com.mx\/index.php\/wp-json\/wp\/v2\/types\/post"}],"author":[{"embeddable":true,"href":"https:\/\/smnoticias.com.mx\/index.php\/wp-json\/wp\/v2\/users\/1"}],"replies":[{"embeddable":true,"href":"https:\/\/smnoticias.com.mx\/index.php\/wp-json\/wp\/v2\/comments?post=33073"}],"version-history":[{"count":1,"href":"https:\/\/smnoticias.com.mx\/index.php\/wp-json\/wp\/v2\/posts\/33073\/revisions"}],"predecessor-version":[{"id":33076,"href":"https:\/\/smnoticias.com.mx\/index.php\/wp-json\/wp\/v2\/posts\/33073\/revisions\/33076"}],"wp:featuredmedia":[{"embeddable":true,"href":"https:\/\/smnoticias.com.mx\/index.php\/wp-json\/wp\/v2\/media\/33075"}],"wp:attachment":[{"href":"https:\/\/smnoticias.com.mx\/index.php\/wp-json\/wp\/v2\/media?parent=33073"}],"wp:term":[{"taxonomy":"category","embeddable":true,"href":"https:\/\/smnoticias.com.mx\/index.php\/wp-json\/wp\/v2\/categories?post=33073"},{"taxonomy":"post_tag","embeddable":true,"href":"https:\/\/smnoticias.com.mx\/index.php\/wp-json\/wp\/v2\/tags?post=33073"}],"curies":[{"name":"wp","href":"https:\/\/api.w.org\/{rel}","templated":true}]}}