{"id":33077,"date":"2026-04-27T12:13:00","date_gmt":"2026-04-27T12:13:00","guid":{"rendered":"https:\/\/smnoticias.com.mx\/?p=33077"},"modified":"2026-04-27T18:15:01","modified_gmt":"2026-04-27T18:15:01","slug":"comunidad-escolar-de-colonia-pavon-estrena-techado-escolar-entregado-por-el-alcalde-juan-manuel-navarro","status":"publish","type":"post","link":"https:\/\/smnoticias.com.mx\/index.php\/2026\/04\/27\/comunidad-escolar-de-colonia-pavon-estrena-techado-escolar-entregado-por-el-alcalde-juan-manuel-navarro\/","title":{"rendered":"Comunidad escolar de colonia Pav\u00f3n estrena techado escolar entregado por el alcalde Juan Manuel Navarro\u00a0"},"content":{"rendered":"\n<p>&#8211;&nbsp;&nbsp;&nbsp;&nbsp;&nbsp;&nbsp; <strong>El Ayuntamiento acerca infraestructura digna a estudiantes, atendiendo necesidades prioritarias de la comunidad educativa.<\/strong><\/p>\n\n\n\n<p>Juan Manuel Navarro Mu\u00f1iz, Alcalde de Soledad de Graciano S\u00e1nchez, inaugur\u00f3 la construcci\u00f3n de un techado con cubierta met\u00e1lica en la Escuela Primaria \u201cJos\u00e9 Mar\u00eda Morelos y Pav\u00f3n\u201d, ubicada en la Unidad Habitacional Pav\u00f3n, con una inversi\u00f3n estatal superior a los dos millones de pesos, en beneficio de m\u00e1s de 327 estudiantes; la obra, realizada en coordinaci\u00f3n con el Gobierno del Estado, corresponde al techado con cubierta met\u00e1lica de 15 por 27 metros, que incluye pintura de cancha, instalaci\u00f3n de postes de voleibol, porter\u00edas multifuncionales y alumbrado, fortaleciendo espacios dignos para el desarrollo de ni\u00f1as y ni\u00f1os, en apego a la visi\u00f3n de cercan\u00eda y atenci\u00f3n a las familias.<\/p>\n\n\n\n<p>En medio de un ambiente festivo, entre aplausos, sonrisas y la emoci\u00f3n de las y los estudiantes que celebraban contar con un espacio seguro para sus actividades, el Alcalde reafirm\u00f3 que su administraci\u00f3n escucha y responde a las necesidades de la poblaci\u00f3n escolar: \u201cEn Soledad ninguna colonia se nos queda atr\u00e1s, vamos a seguir apostando por la educaci\u00f3n y trabajando por nuestros ni\u00f1os, porque aqu\u00ed pasan gran parte de su d\u00eda y merecen espacios adecuados, sobre todo en tiempos de calor y lluvia\u201d, expres\u00f3, al destacar el impulso decidido a la infraestructura educativa.<\/p>\n\n\n\n<p>Agradeci\u00f3 el inter\u00e9s del Gobernador, Ricardo Gallardo Cardona, para que la educaci\u00f3n en Soledad de Graciano S\u00e1nchez sea id\u00f3nea para el aprendizaje de las y los estudiantes, con inversi\u00f3n sin l\u00edmites para transformar m\u00e1s espacios estudiantiles y volverlos totalmente funcionales.&nbsp;<\/p>\n\n\n\n<p>El director del plantel, V\u00edctor Cruz Mart\u00ednez, agradeci\u00f3 la cercan\u00eda del gobierno municipal y el respaldo a la comunidad educativa: \u201cQuiero a nombre de los padres de familia, alumnos y personal docente agradecerle profundamente el haber hecho realidad este techado, que no \u00fanicamente beneficiar\u00e1 a nuestra escuela, sino tambi\u00e9n a los alumnos del turno vespertino\u201d, se\u00f1al\u00f3, al reconocer el impacto positivo de la obra en la formaci\u00f3n de nuevas generaciones.<\/p>\n\n\n\n<p>Por su parte, la alumna de sexto grado, Zuleima Garc\u00eda Rodr\u00edguez, comparti\u00f3 el sentir de sus compa\u00f1eros: \u201cHoy recibimos una obra que ser\u00e1 de gran beneficio para nuestra escuela; es nuestra responsabilidad cuidarla para que muchas generaciones m\u00e1s la utilicen\u201d, dijo con entusiasmo.<\/p>\n\n\n\n<p>Con acciones como esta, el Ayuntamiento de Soledad de Graciano S\u00e1nchez fortalece su compromiso de estar cerca de las ni\u00f1as, ni\u00f1os y sus familias, impulsando entornos dignos que favorecen su desarrollo integral.<\/p>\n","protected":false},"excerpt":{"rendered":"<p>&#8211;&nbsp;&nbsp;&nbsp;&nbsp;&nbsp;&nbsp; El Ayuntamiento acerca infraestructura digna a estudiantes, atendiendo necesidades prioritarias de la comunidad educativa. Juan Manuel Navarro Mu\u00f1iz, Alcalde de Soledad de Graciano S\u00e1nchez, inaugur\u00f3 la construcci\u00f3n de un techado con cubierta met\u00e1lica en la Escuela Primaria \u201cJos\u00e9 Mar\u00eda Morelos y Pav\u00f3n\u201d, ubicada en la Unidad Habitacional Pav\u00f3n, con una inversi\u00f3n estatal superior a [&hellip;]<\/p>\n","protected":false},"author":1,"featured_media":33078,"comment_status":"open","ping_status":"open","sticky":false,"template":"","format":"standard","meta":{"om_disable_all_campaigns":false,"footnotes":""},"categories":[10],"tags":[],"aioseo_notices":[],"_links":{"self":[{"href":"https:\/\/smnoticias.com.mx\/index.php\/wp-json\/wp\/v2\/posts\/33077"}],"collection":[{"href":"https:\/\/smnoticias.com.mx\/index.php\/wp-json\/wp\/v2\/posts"}],"about":[{"href":"https:\/\/smnoticias.com.mx\/index.php\/wp-json\/wp\/v2\/types\/post"}],"author":[{"embeddable":true,"href":"https:\/\/smnoticias.com.mx\/index.php\/wp-json\/wp\/v2\/users\/1"}],"replies":[{"embeddable":true,"href":"https:\/\/smnoticias.com.mx\/index.php\/wp-json\/wp\/v2\/comments?post=33077"}],"version-history":[{"count":1,"href":"https:\/\/smnoticias.com.mx\/index.php\/wp-json\/wp\/v2\/posts\/33077\/revisions"}],"predecessor-version":[{"id":33079,"href":"https:\/\/smnoticias.com.mx\/index.php\/wp-json\/wp\/v2\/posts\/33077\/revisions\/33079"}],"wp:featuredmedia":[{"embeddable":true,"href":"https:\/\/smnoticias.com.mx\/index.php\/wp-json\/wp\/v2\/media\/33078"}],"wp:attachment":[{"href":"https:\/\/smnoticias.com.mx\/index.php\/wp-json\/wp\/v2\/media?parent=33077"}],"wp:term":[{"taxonomy":"category","embeddable":true,"href":"https:\/\/smnoticias.com.mx\/index.php\/wp-json\/wp\/v2\/categories?post=33077"},{"taxonomy":"post_tag","embeddable":true,"href":"https:\/\/smnoticias.com.mx\/index.php\/wp-json\/wp\/v2\/tags?post=33077"}],"curies":[{"name":"wp","href":"https:\/\/api.w.org\/{rel}","templated":true}]}}