{"id":33080,"date":"2026-04-27T12:40:00","date_gmt":"2026-04-27T12:40:00","guid":{"rendered":"https:\/\/smnoticias.com.mx\/?p=33080"},"modified":"2026-04-27T21:23:12","modified_gmt":"2026-04-27T21:23:12","slug":"dif-villa-de-pozos-realiza-jornada-informativa-sobre-salud-y-derechos-de-las-mujeres","status":"publish","type":"post","link":"https:\/\/smnoticias.com.mx\/index.php\/2026\/04\/27\/dif-villa-de-pozos-realiza-jornada-informativa-sobre-salud-y-derechos-de-las-mujeres\/","title":{"rendered":"DIF Villa de Pozos realiza jornada informativa sobre salud y derechos de las mujeres"},"content":{"rendered":"\n<ul>\n<li><strong>A trav\u00e9s de una pl\u00e1tica y entrega de apoyos, se fortaleci\u00f3 el conocimiento sobre derechos sexuales y reproductivos.<\/strong><\/li>\n<\/ul>\n\n\n\n<p>Con el objetivo de promover el acceso a la salud menstrual y fortalecer el conocimiento sobre los derechos sexuales y reproductivos, el Gobierno Municipal de Villa de Pozos, a trav\u00e9s de DIF Municipal, llev\u00f3 a cabo una jornada informativa y de apoyo dirigida a mujeres del municipio.<\/p>\n\n\n\n<p>Esta actividad se realiz\u00f3 en las instalaciones del DIF Municipal de Villa de Pozos, donde personal del Centro de Justicia para las Mujeres del Estado de San Luis Potos\u00ed imparti\u00f3 la pl\u00e1tica \u201cDerechos sexuales y reproductivos\u201d, con el fin de brindar informaci\u00f3n clara, accesible y \u00fatil para la toma de decisiones informadas sobre su salud.<\/p>\n\n\n\n<p>Laura Angelica Villanueva Hern\u00e1ndez, mencion\u00f3 que, durante esta jornada, se realiz\u00f3 la donaci\u00f3n de 20 copas menstruales, las cuales se entregaron a personas con discapacidad, as\u00ed como a mujeres cuidadoras de personas con discapacidad, por lo que se prioriz\u00f3 a quienes forman parte de este sector y requieren herramientas que contribuyen a su bienestar diario.<\/p>\n\n\n\n<p>Adem\u00e1s, Villanueva Hern\u00e1ndez, se\u00f1al\u00f3 que se gener\u00f3 un espacio de confianza y aprendizaje donde las participantes pudieron resolver dudas, compartir experiencias y fortalecer su conocimiento sobre temas relacionados con la salud menstrual, lo que ayud\u00f3 a eliminar mitos y promover una visi\u00f3n m\u00e1s informada y libre de estigmas; asimismo se foment\u00f3 el acceso a una salud menstrual digna, segura e informada.<\/p>\n","protected":false},"excerpt":{"rendered":"<p>Con el objetivo de promover el acceso a la salud menstrual y fortalecer el conocimiento sobre los derechos sexuales y reproductivos, el Gobierno Municipal de Villa de Pozos, a trav\u00e9s de DIF Municipal, llev\u00f3 a cabo una jornada informativa y de apoyo dirigida a mujeres del municipio. Esta actividad se realiz\u00f3 en las instalaciones del [&hellip;]<\/p>\n","protected":false},"author":1,"featured_media":33092,"comment_status":"open","ping_status":"open","sticky":false,"template":"","format":"standard","meta":{"om_disable_all_campaigns":false,"footnotes":""},"categories":[15],"tags":[],"aioseo_notices":[],"_links":{"self":[{"href":"https:\/\/smnoticias.com.mx\/index.php\/wp-json\/wp\/v2\/posts\/33080"}],"collection":[{"href":"https:\/\/smnoticias.com.mx\/index.php\/wp-json\/wp\/v2\/posts"}],"about":[{"href":"https:\/\/smnoticias.com.mx\/index.php\/wp-json\/wp\/v2\/types\/post"}],"author":[{"embeddable":true,"href":"https:\/\/smnoticias.com.mx\/index.php\/wp-json\/wp\/v2\/users\/1"}],"replies":[{"embeddable":true,"href":"https:\/\/smnoticias.com.mx\/index.php\/wp-json\/wp\/v2\/comments?post=33080"}],"version-history":[{"count":1,"href":"https:\/\/smnoticias.com.mx\/index.php\/wp-json\/wp\/v2\/posts\/33080\/revisions"}],"predecessor-version":[{"id":33095,"href":"https:\/\/smnoticias.com.mx\/index.php\/wp-json\/wp\/v2\/posts\/33080\/revisions\/33095"}],"wp:featuredmedia":[{"embeddable":true,"href":"https:\/\/smnoticias.com.mx\/index.php\/wp-json\/wp\/v2\/media\/33092"}],"wp:attachment":[{"href":"https:\/\/smnoticias.com.mx\/index.php\/wp-json\/wp\/v2\/media?parent=33080"}],"wp:term":[{"taxonomy":"category","embeddable":true,"href":"https:\/\/smnoticias.com.mx\/index.php\/wp-json\/wp\/v2\/categories?post=33080"},{"taxonomy":"post_tag","embeddable":true,"href":"https:\/\/smnoticias.com.mx\/index.php\/wp-json\/wp\/v2\/tags?post=33080"}],"curies":[{"name":"wp","href":"https:\/\/api.w.org\/{rel}","templated":true}]}}