{"id":33096,"date":"2026-04-27T15:00:00","date_gmt":"2026-04-27T15:00:00","guid":{"rendered":"https:\/\/smnoticias.com.mx\/?p=33096"},"modified":"2026-04-27T21:28:51","modified_gmt":"2026-04-27T21:28:51","slug":"arrancan-con-gran-exito-los-festejos-del-dia-de-la-ninez-en-villa-de-pozos","status":"publish","type":"post","link":"https:\/\/smnoticias.com.mx\/index.php\/2026\/04\/27\/arrancan-con-gran-exito-los-festejos-del-dia-de-la-ninez-en-villa-de-pozos\/","title":{"rendered":"Arrancan con gran \u00e9xito los festejos del d\u00eda de la ni\u00f1ez en Villa de Pozos"},"content":{"rendered":"\n<ul>\n<li><strong>Lucha libre, emoci\u00f3n y sonrisas marcaron el inicio de una celebraci\u00f3n dedicada a las ni\u00f1as y ni\u00f1os del municipio.<\/strong><\/li>\n<\/ul>\n\n\n\n<p>Con gran entusiasmo y un ambiente lleno de alegr\u00eda, el Gobierno Municipal de Villa de Pozos, a trav\u00e9s la Direcci\u00f3n de Deporte Municipal, dio inicio a los festejos del D\u00eda de la Ni\u00f1ez con una espectacular funci\u00f3n de lucha libre, donde las familias poce\u00f1as disfrutaron de una tarde inolvidable cargada de emoci\u00f3n, risas y mucha diversi\u00f3n.<\/p>\n\n\n\n<p>El Auditorio Municipal se convirti\u00f3 en el escenario perfecto para este arranque de celebraciones, donde ni\u00f1as y ni\u00f1os vivieron de cerca la adrenalina del cuadril\u00e1tero gracias a la presentaci\u00f3n de Caballeros del Ring The New Era SLP, quienes ofrecieron un espect\u00e1culo de primer nivel que mantuvo al p\u00fablico al filo de sus asientos en todo momento.<\/p>\n\n\n\n<p>El director de deporte, Rene Guerrero Salas destac\u00f3 que el bando t\u00e9cnico logr\u00f3 imponerse en dos de tres ca\u00eddas, quienes desataron la euforia del p\u00fablico, que no dej\u00f3 de corear \u201c\u00a1T\u00c9CNICOS, T\u00c9CNICOS!\u201d durante toda la contienda; por su parte, los rudos dieron una batalla intensa y vendieron cara la derrota, por lo que hicieron de esta funci\u00f3n una experiencia a\u00fan m\u00e1s emocionante.<\/p>\n\n\n\n<p>Asimismo, Guerrero Salas, se\u00f1al\u00f3 que uno de los momentos m\u00e1s especiales fue ver a las ni\u00f1as y ni\u00f1os llegar con sus m\u00e1scaras, playeras y toda la ilusi\u00f3n de disfrutar este evento pensado especialmente para ellos, por lo que se convirtieron en los verdaderos protagonistas de la jornada.<\/p>\n","protected":false},"excerpt":{"rendered":"<p>Con gran entusiasmo y un ambiente lleno de alegr\u00eda, el Gobierno Municipal de Villa de Pozos, a trav\u00e9s la Direcci\u00f3n de Deporte Municipal, dio inicio a los festejos del D\u00eda de la Ni\u00f1ez con una espectacular funci\u00f3n de lucha libre, donde las familias poce\u00f1as disfrutaron de una tarde inolvidable cargada de emoci\u00f3n, risas y mucha [&hellip;]<\/p>\n","protected":false},"author":1,"featured_media":33097,"comment_status":"open","ping_status":"open","sticky":false,"template":"","format":"standard","meta":{"om_disable_all_campaigns":false,"footnotes":""},"categories":[15],"tags":[],"aioseo_notices":[],"_links":{"self":[{"href":"https:\/\/smnoticias.com.mx\/index.php\/wp-json\/wp\/v2\/posts\/33096"}],"collection":[{"href":"https:\/\/smnoticias.com.mx\/index.php\/wp-json\/wp\/v2\/posts"}],"about":[{"href":"https:\/\/smnoticias.com.mx\/index.php\/wp-json\/wp\/v2\/types\/post"}],"author":[{"embeddable":true,"href":"https:\/\/smnoticias.com.mx\/index.php\/wp-json\/wp\/v2\/users\/1"}],"replies":[{"embeddable":true,"href":"https:\/\/smnoticias.com.mx\/index.php\/wp-json\/wp\/v2\/comments?post=33096"}],"version-history":[{"count":1,"href":"https:\/\/smnoticias.com.mx\/index.php\/wp-json\/wp\/v2\/posts\/33096\/revisions"}],"predecessor-version":[{"id":33098,"href":"https:\/\/smnoticias.com.mx\/index.php\/wp-json\/wp\/v2\/posts\/33096\/revisions\/33098"}],"wp:featuredmedia":[{"embeddable":true,"href":"https:\/\/smnoticias.com.mx\/index.php\/wp-json\/wp\/v2\/media\/33097"}],"wp:attachment":[{"href":"https:\/\/smnoticias.com.mx\/index.php\/wp-json\/wp\/v2\/media?parent=33096"}],"wp:term":[{"taxonomy":"category","embeddable":true,"href":"https:\/\/smnoticias.com.mx\/index.php\/wp-json\/wp\/v2\/categories?post=33096"},{"taxonomy":"post_tag","embeddable":true,"href":"https:\/\/smnoticias.com.mx\/index.php\/wp-json\/wp\/v2\/tags?post=33096"}],"curies":[{"name":"wp","href":"https:\/\/api.w.org\/{rel}","templated":true}]}}