{"id":33101,"date":"2026-04-27T14:20:00","date_gmt":"2026-04-27T14:20:00","guid":{"rendered":"https:\/\/smnoticias.com.mx\/?p=33101"},"modified":"2026-04-27T21:37:03","modified_gmt":"2026-04-27T21:37:03","slug":"alcalde-juan-manuel-navarro-supervisa-la-construccion-de-nuevo-parque-en-la-colonia-21-de-marzo","status":"publish","type":"post","link":"https:\/\/smnoticias.com.mx\/index.php\/2026\/04\/27\/alcalde-juan-manuel-navarro-supervisa-la-construccion-de-nuevo-parque-en-la-colonia-21-de-marzo\/","title":{"rendered":"Alcalde Juan Manuel Navarro supervisa la construcci\u00f3n de nuevo parque en la colonia 21 de Marzo"},"content":{"rendered":"\n<p><strong>&#8211;&nbsp;&nbsp;&nbsp;&nbsp;&nbsp;&nbsp;&nbsp;&nbsp;&nbsp;&nbsp;&nbsp; Se trata de un espacio multifuncional y moderno, que salda la deuda social con las familias de la zona y simboliza los esfuerzos hist\u00f3ricos para recuperar espacios p\u00fablicos para las familias.<\/strong><\/p>\n\n\n\n<p><strong>&#8211;&nbsp;&nbsp;&nbsp;&nbsp;&nbsp;&nbsp;&nbsp;&nbsp;&nbsp;&nbsp;&nbsp; Contar\u00e1 con sistema de iluminaci\u00f3n led, \u00e1rea de mascotas, cancha multiusos, purificadora gratuita, sal\u00f3n de uso com\u00fan, entre otras amenidades.<\/strong><\/p>\n\n\n\n<p>Juan Manuel Navarro Mu\u00f1iz, Alcalde de Soledad de Graciano S\u00e1nchez, supervis\u00f3 los avances de construcci\u00f3n del Parque Urbano en la colonia \u201c21 de Marzo\u201d, obra que registra un desarrollo significativo y que forma parte del compromiso de rescate de espacios p\u00fablicos en beneficio directo de m\u00e1s de 14 mil habitantes, con una inversi\u00f3n superior a 9.3 millones de pesos; durante el recorrido, constat\u00f3 la integraci\u00f3n de infraestructura moderna que permitir\u00e1 fortalecer la convivencia social, el deporte y la recreaci\u00f3n social, atendiendo a las necesidades planteadas por las familias de la zona.<\/p>\n\n\n\n<p>El proyecto contempla \u00e1reas de alto impacto social como cancha de f\u00fatbol 7, espacio deportivo multiusos, trotapista, gimnasio al aire libre, juegos infantiles, sal\u00f3n de usos m\u00faltiples, m\u00f3dulo de sanitarios y una zona especial para mascotas, adem\u00e1s de iluminaci\u00f3n, cercado perimetral y una purificadora gratuita que se suma a las m\u00e1s de 50 instaladas en el municipio, lo que da muestra de un Gobierno cercano que escucha y atiende, al incorporar propuestas ciudadanas desde su planeaci\u00f3n, garantizando espacios dignos, seguros y funcionales para todas y todos.<\/p>\n\n\n\n<p>\u201cEste Parque va a cambiar completamente el rostro de la colonia; es una obra pensada en la gente, para que las familias convivan, hagan deporte y se apropien de su espacio de manera responsable, aqu\u00ed habr\u00e1 seguridad, iluminaci\u00f3n, \u00e1reas para todas y todos, y se fortalecer\u00e1 la integraci\u00f3n familiar que tanto necesitamos, era una deuda con la colonia 21 de Marzo y hoy la estamos cumpliendo\u201d, afirm\u00f3 el Alcalde, al destacar que este proyecto tambi\u00e9n beneficiar\u00e1 a sectores cercanos como Rivas Guill\u00e9n en todos su planos, adem\u00e1s de ubicarse en una zona altamente econ\u00f3mica.<\/p>\n\n\n\n<p>Durante la visita a los trabajos de construcci\u00f3n, el edil estuvo acompa\u00f1ado por el titular de Infraestructura Municipal, Jorge Grimaldo Lim\u00f3n, quien agreg\u00f3 que este Parque viene a cambiar completamente la cotidianidad de las familias, y es una prueba de que este Gobierno soledense le apuesta a la interacci\u00f3n positiva de la gente y al deporte como una oportunidad para el desarrollo juvenil.<\/p>\n\n\n\n<p>El Ayuntamiento de Soledad de Graciano S\u00e1nchez refrenda as\u00ed su compromiso de trabajar en territorio, de la mano de la poblaci\u00f3n, consolidando obras que nacen de la participaci\u00f3n ciudadana y que elevan la calidad de vida de sus habitantes; reforzando su cercan\u00eda con las familias, escuchando sus necesidades y transform\u00e1ndolas en acciones concretas que fortalecen el tejido social y el bienestar de las y los soledenses.<\/p>\n","protected":false},"excerpt":{"rendered":"<p>&#8211;&nbsp;&nbsp;&nbsp;&nbsp;&nbsp;&nbsp;&nbsp;&nbsp;&nbsp;&nbsp;&nbsp; Se trata de un espacio multifuncional y moderno, que salda la deuda social con las familias de la zona y simboliza los esfuerzos hist\u00f3ricos para recuperar espacios p\u00fablicos para las familias. &#8211;&nbsp;&nbsp;&nbsp;&nbsp;&nbsp;&nbsp;&nbsp;&nbsp;&nbsp;&nbsp;&nbsp; Contar\u00e1 con sistema de iluminaci\u00f3n led, \u00e1rea de mascotas, cancha multiusos, purificadora gratuita, sal\u00f3n de uso com\u00fan, entre otras amenidades. Juan Manuel [&hellip;]<\/p>\n","protected":false},"author":1,"featured_media":33086,"comment_status":"open","ping_status":"open","sticky":false,"template":"","format":"standard","meta":{"om_disable_all_campaigns":false,"footnotes":""},"categories":[10],"tags":[],"aioseo_notices":[],"_links":{"self":[{"href":"https:\/\/smnoticias.com.mx\/index.php\/wp-json\/wp\/v2\/posts\/33101"}],"collection":[{"href":"https:\/\/smnoticias.com.mx\/index.php\/wp-json\/wp\/v2\/posts"}],"about":[{"href":"https:\/\/smnoticias.com.mx\/index.php\/wp-json\/wp\/v2\/types\/post"}],"author":[{"embeddable":true,"href":"https:\/\/smnoticias.com.mx\/index.php\/wp-json\/wp\/v2\/users\/1"}],"replies":[{"embeddable":true,"href":"https:\/\/smnoticias.com.mx\/index.php\/wp-json\/wp\/v2\/comments?post=33101"}],"version-history":[{"count":1,"href":"https:\/\/smnoticias.com.mx\/index.php\/wp-json\/wp\/v2\/posts\/33101\/revisions"}],"predecessor-version":[{"id":33102,"href":"https:\/\/smnoticias.com.mx\/index.php\/wp-json\/wp\/v2\/posts\/33101\/revisions\/33102"}],"wp:featuredmedia":[{"embeddable":true,"href":"https:\/\/smnoticias.com.mx\/index.php\/wp-json\/wp\/v2\/media\/33086"}],"wp:attachment":[{"href":"https:\/\/smnoticias.com.mx\/index.php\/wp-json\/wp\/v2\/media?parent=33101"}],"wp:term":[{"taxonomy":"category","embeddable":true,"href":"https:\/\/smnoticias.com.mx\/index.php\/wp-json\/wp\/v2\/categories?post=33101"},{"taxonomy":"post_tag","embeddable":true,"href":"https:\/\/smnoticias.com.mx\/index.php\/wp-json\/wp\/v2\/tags?post=33101"}],"curies":[{"name":"wp","href":"https:\/\/api.w.org\/{rel}","templated":true}]}}