{"id":33111,"date":"2026-04-27T15:30:00","date_gmt":"2026-04-27T15:30:00","guid":{"rendered":"https:\/\/smnoticias.com.mx\/?p=33111"},"modified":"2026-04-27T23:49:23","modified_gmt":"2026-04-27T23:49:23","slug":"dona-tu-cabello-con-corazon-sigue-plasmando-sonrisas-en-sus-beneficiarias","status":"publish","type":"post","link":"https:\/\/smnoticias.com.mx\/index.php\/2026\/04\/27\/dona-tu-cabello-con-corazon-sigue-plasmando-sonrisas-en-sus-beneficiarias\/","title":{"rendered":"\u201cDona tu cabello con coraz\u00f3n\u201d sigue plasmando sonrisas en sus beneficiarias"},"content":{"rendered":"\n<ul>\n<li><strong>Informes y atenci\u00f3n: de lunes a viernes de 8:00 a 15:00 horas, en Xicot\u00e9ncatl 1650, col. Himno Nacional.<\/strong><\/li>\n<\/ul>\n\n\n\n<p>El Sistema Municipal DIF de San Luis Potos\u00ed, mantiene activa su campa\u00f1a \u201cDona tu cabello con coraz\u00f3n\u201d, a trav\u00e9s de la cual se reciben trenzas con un largo mayor a 30cm. para elaborar pelucas oncol\u00f3gicas.<\/p>\n\n\n\n<p>Durante todo el a\u00f1o y no solamente en octubre, es que el DIF Capitalino cuenta con pelucas oncol\u00f3gicas que se donan a personas que han perdido su cabello a cusa de alg\u00fan tratamiento o enfermedad.<\/p>\n\n\n\n<p>\u201cEn el DIF Municipal queremos garantizar que quienes acuden por su peluca reciban la atenci\u00f3n que merecen, y si hay en existencia, se puedan llevar dicha prenda\u201d, explic\u00f3 la titular de dicho organismo, Arriaga M\u00e1rquez.<\/p>\n\n\n\n<p>Agreg\u00f3 que para quienes desean donar cabello, \u00e9ste debe tener un largo de 30 a 35 cent\u00edmetros, deber\u00e1 estar limpio y seco, pueden traer la trenza ya cortada o en las instalaciones les pueden cortar el cabello.<\/p>\n\n\n\n<p>Los horarios para informes y atenci\u00f3n son de lunes a viernes de 8:00 a 15:00 horas, en Xicot\u00e9ncatl 1650, col. Himno Nacional.<\/p>\n","protected":false},"excerpt":{"rendered":"<p>El Sistema Municipal DIF de San Luis Potos\u00ed, mantiene activa su campa\u00f1a \u201cDona tu cabello con coraz\u00f3n\u201d, a trav\u00e9s de la cual se reciben trenzas con un largo mayor a 30cm. para elaborar pelucas oncol\u00f3gicas. Durante todo el a\u00f1o y no solamente en octubre, es que el DIF Capitalino cuenta con pelucas oncol\u00f3gicas que se [&hellip;]<\/p>\n","protected":false},"author":1,"featured_media":33112,"comment_status":"open","ping_status":"open","sticky":false,"template":"","format":"standard","meta":{"om_disable_all_campaigns":false,"footnotes":""},"categories":[4],"tags":[],"aioseo_notices":[],"_links":{"self":[{"href":"https:\/\/smnoticias.com.mx\/index.php\/wp-json\/wp\/v2\/posts\/33111"}],"collection":[{"href":"https:\/\/smnoticias.com.mx\/index.php\/wp-json\/wp\/v2\/posts"}],"about":[{"href":"https:\/\/smnoticias.com.mx\/index.php\/wp-json\/wp\/v2\/types\/post"}],"author":[{"embeddable":true,"href":"https:\/\/smnoticias.com.mx\/index.php\/wp-json\/wp\/v2\/users\/1"}],"replies":[{"embeddable":true,"href":"https:\/\/smnoticias.com.mx\/index.php\/wp-json\/wp\/v2\/comments?post=33111"}],"version-history":[{"count":1,"href":"https:\/\/smnoticias.com.mx\/index.php\/wp-json\/wp\/v2\/posts\/33111\/revisions"}],"predecessor-version":[{"id":33113,"href":"https:\/\/smnoticias.com.mx\/index.php\/wp-json\/wp\/v2\/posts\/33111\/revisions\/33113"}],"wp:featuredmedia":[{"embeddable":true,"href":"https:\/\/smnoticias.com.mx\/index.php\/wp-json\/wp\/v2\/media\/33112"}],"wp:attachment":[{"href":"https:\/\/smnoticias.com.mx\/index.php\/wp-json\/wp\/v2\/media?parent=33111"}],"wp:term":[{"taxonomy":"category","embeddable":true,"href":"https:\/\/smnoticias.com.mx\/index.php\/wp-json\/wp\/v2\/categories?post=33111"},{"taxonomy":"post_tag","embeddable":true,"href":"https:\/\/smnoticias.com.mx\/index.php\/wp-json\/wp\/v2\/tags?post=33111"}],"curies":[{"name":"wp","href":"https:\/\/api.w.org\/{rel}","templated":true}]}}