{"id":33117,"date":"2026-04-27T16:30:00","date_gmt":"2026-04-27T16:30:00","guid":{"rendered":"https:\/\/smnoticias.com.mx\/?p=33117"},"modified":"2026-04-28T00:19:46","modified_gmt":"2026-04-28T00:19:46","slug":"registro-de-70-incendios-forestales-y-22-mil-hectareas-danadas-cepc","status":"publish","type":"post","link":"https:\/\/smnoticias.com.mx\/index.php\/2026\/04\/27\/registro-de-70-incendios-forestales-y-22-mil-hectareas-danadas-cepc\/","title":{"rendered":"Registro de 70 incendios forestales y 22 mil hect\u00e1reas da\u00f1adas: CEPC"},"content":{"rendered":"\n<ul>\n<li><strong>Intensa ola de calor incide para la presencia de incendios forestales, reconoci\u00f3 el comandante Mauricio Ordaz Flores.<\/strong><\/li>\n<\/ul>\n\n\n\n<p>En lo que va del a\u00f1o, San Luis Potos\u00ed tiene un acumulado de 70 incendios forestales, con da\u00f1os sobe 22 mil hect\u00e1reas, confirm\u00f3 el titular de la Coordinaci\u00f3n Estatal de Protecci\u00f3n Civil, Mauricio Ordaz Flores, qui\u00e9n reconoci\u00f3 que por la intensa ola de calor que se manifest\u00f3 desde el pasado d\u00eda 23 de abril y se extender\u00e1 hasta pr\u00f3ximo 30 del presente, se han generado dos incendios en los Municipios de Ciudad del Ma\u00edz y Guadalc\u00e1zar, el primero de ellos ya debidamente liquidado.<\/p>\n\n\n\n<p>Coment\u00f3 que se trabaja de manera muy estrecha con autoridades como la Comisi\u00f3n Nacional Forestal (CONAFOR), la Secretar\u00eda de Ecolog\u00eda y Gesti\u00f3n Ambiental, Honorable Cuerpo de Bomberos y los Gobiernos Municipales, para estar atentos y en la mejor disposici\u00f3n para actuar ante un incendio.<\/p>\n\n\n\n<p>A\u00f1adi\u00f3 que ha sido fundamental la colaboraci\u00f3n de grupos de brigadistas y civiles, a efecto de lograr controlar un hecho en el menor tiempo posible como ocurri\u00f3 el pasado fin de semana en Ciudad del Ma\u00edz, mientras que se espera que avancen los trabajos este d\u00eda en la comunidad de N\u00fa\u00f1ez, Guadalc\u00e1zar donde ya se encuentra controlado al 50%.<\/p>\n\n\n\n<p>\u201cEl Gobernador Ricardo Gallardo nos ha pedido que especialmente en esta temporada actuemos eficazmente ante alg\u00fan incendio, por lo que le daremos cumplimiento al objetivo primordial que es el cuidado de las personas y el medio ambiente\u201d.<\/p>\n\n\n\n<p>M\u00e1s adelante, el comandante Ordaz Flores, dio a conocer que San Luis Potosi est\u00e1 integrado a una campa\u00f1a de difusi\u00f3n dentro del Sistema de Alerta Temprana por Incendios Forestales, por el riesgo latente de que ocurran particularmente en las zonas centro y este del Estado potosino.<\/p>\n","protected":false},"excerpt":{"rendered":"<p>En lo que va del a\u00f1o, San Luis Potos\u00ed tiene un acumulado de 70 incendios forestales, con da\u00f1os sobe 22 mil hect\u00e1reas, confirm\u00f3 el titular de la Coordinaci\u00f3n Estatal de Protecci\u00f3n Civil, Mauricio Ordaz Flores, qui\u00e9n reconoci\u00f3 que por la intensa ola de calor que se manifest\u00f3 desde el pasado d\u00eda 23 de abril y [&hellip;]<\/p>\n","protected":false},"author":1,"featured_media":33118,"comment_status":"open","ping_status":"open","sticky":false,"template":"","format":"standard","meta":{"om_disable_all_campaigns":false,"footnotes":""},"categories":[3],"tags":[],"aioseo_notices":[],"_links":{"self":[{"href":"https:\/\/smnoticias.com.mx\/index.php\/wp-json\/wp\/v2\/posts\/33117"}],"collection":[{"href":"https:\/\/smnoticias.com.mx\/index.php\/wp-json\/wp\/v2\/posts"}],"about":[{"href":"https:\/\/smnoticias.com.mx\/index.php\/wp-json\/wp\/v2\/types\/post"}],"author":[{"embeddable":true,"href":"https:\/\/smnoticias.com.mx\/index.php\/wp-json\/wp\/v2\/users\/1"}],"replies":[{"embeddable":true,"href":"https:\/\/smnoticias.com.mx\/index.php\/wp-json\/wp\/v2\/comments?post=33117"}],"version-history":[{"count":1,"href":"https:\/\/smnoticias.com.mx\/index.php\/wp-json\/wp\/v2\/posts\/33117\/revisions"}],"predecessor-version":[{"id":33119,"href":"https:\/\/smnoticias.com.mx\/index.php\/wp-json\/wp\/v2\/posts\/33117\/revisions\/33119"}],"wp:featuredmedia":[{"embeddable":true,"href":"https:\/\/smnoticias.com.mx\/index.php\/wp-json\/wp\/v2\/media\/33118"}],"wp:attachment":[{"href":"https:\/\/smnoticias.com.mx\/index.php\/wp-json\/wp\/v2\/media?parent=33117"}],"wp:term":[{"taxonomy":"category","embeddable":true,"href":"https:\/\/smnoticias.com.mx\/index.php\/wp-json\/wp\/v2\/categories?post=33117"},{"taxonomy":"post_tag","embeddable":true,"href":"https:\/\/smnoticias.com.mx\/index.php\/wp-json\/wp\/v2\/tags?post=33117"}],"curies":[{"name":"wp","href":"https:\/\/api.w.org\/{rel}","templated":true}]}}