{"id":33132,"date":"2026-04-27T16:30:00","date_gmt":"2026-04-27T16:30:00","guid":{"rendered":"https:\/\/smnoticias.com.mx\/?p=33132"},"modified":"2026-04-28T00:48:27","modified_gmt":"2026-04-28T00:48:27","slug":"gobierno-estatal-aclara-y-apoya-a-docentes-de-telesecundaria","status":"publish","type":"post","link":"https:\/\/smnoticias.com.mx\/index.php\/2026\/04\/27\/gobierno-estatal-aclara-y-apoya-a-docentes-de-telesecundaria\/","title":{"rendered":"Gobierno estatal aclara y apoya a docentes de Telesecundaria"},"content":{"rendered":"\n<ul>\n<li><strong>Autoridades educativas y sindicato brindan certeza sobre retenciones y anuncian apoyo para cumplir con declaraci\u00f3n anual.<\/strong><\/li>\n<\/ul>\n\n\n\n<p>Siguiendo la instrucci\u00f3n del Gobernador del Estado, Ricardo Gallardo Cardona, para fortalecer la atenci\u00f3n cercana al magisterio y brindar certeza sin l\u00edmites en sus derechos laborales, la Secretar\u00eda de Educaci\u00f3n de Gobierno del Estado, en coordinaci\u00f3n con la secci\u00f3n 26 del Sindicato Nacional de Trabajadores de la Educaci\u00f3n (SNTE), sostuvo una mesa de trabajo con docentes de telesecundaria para aclarar sus dudas sobre la retenci\u00f3n del Impuesto Sobre la Renta (ISR) aplicada v\u00eda n\u00f3mina.<\/p>\n\n\n\n<p>Durante el encuentro se explic\u00f3 que las retenciones se realizaron en tiempo y forma conforme a lo establecido hist\u00f3ricamente sobre el sueldo base; sin embargo, debido a otros conceptos percibidos como bonos y ajustes salariales, el ingreso total de las y los docentes fue mayor, lo que deriv\u00f3 en un incremento en el pago de impuestos, en un ejercicio de di\u00e1logo abierto que refleja el cambio que se vive y se siente en la relaci\u00f3n institucional.<\/p>\n\n\n\n<p>En ese sentido, el Gobierno del Estado, sensible a esta situaci\u00f3n, brindar\u00e1 un apoyo para cubrir la diferencia registrada en el ejercicio fiscal 2025 y facilitar que las y los docentes concluyan su declaraci\u00f3n anual antes del 30 de abril, inform\u00f3 el secretario de Educaci\u00f3n, Juan Carlos Torres Cedillo; asimismo, representantes del nivel educativo agradecieron la disposici\u00f3n gubernamental y reconocieron la coordinaci\u00f3n con el sindicato, mientras que la administraci\u00f3n estatal reiter\u00f3 su apertura al di\u00e1logo y su compromiso permanente con el magisterio.<\/p>\n","protected":false},"excerpt":{"rendered":"<p>Siguiendo la instrucci\u00f3n del Gobernador del Estado, Ricardo Gallardo Cardona, para fortalecer la atenci\u00f3n cercana al magisterio y brindar certeza sin l\u00edmites en sus derechos laborales, la Secretar\u00eda de Educaci\u00f3n de Gobierno del Estado, en coordinaci\u00f3n con la secci\u00f3n 26 del Sindicato Nacional de Trabajadores de la Educaci\u00f3n (SNTE), sostuvo una mesa de trabajo con [&hellip;]<\/p>\n","protected":false},"author":1,"featured_media":33133,"comment_status":"open","ping_status":"open","sticky":false,"template":"","format":"standard","meta":{"om_disable_all_campaigns":false,"footnotes":""},"categories":[3],"tags":[],"aioseo_notices":[],"_links":{"self":[{"href":"https:\/\/smnoticias.com.mx\/index.php\/wp-json\/wp\/v2\/posts\/33132"}],"collection":[{"href":"https:\/\/smnoticias.com.mx\/index.php\/wp-json\/wp\/v2\/posts"}],"about":[{"href":"https:\/\/smnoticias.com.mx\/index.php\/wp-json\/wp\/v2\/types\/post"}],"author":[{"embeddable":true,"href":"https:\/\/smnoticias.com.mx\/index.php\/wp-json\/wp\/v2\/users\/1"}],"replies":[{"embeddable":true,"href":"https:\/\/smnoticias.com.mx\/index.php\/wp-json\/wp\/v2\/comments?post=33132"}],"version-history":[{"count":1,"href":"https:\/\/smnoticias.com.mx\/index.php\/wp-json\/wp\/v2\/posts\/33132\/revisions"}],"predecessor-version":[{"id":33134,"href":"https:\/\/smnoticias.com.mx\/index.php\/wp-json\/wp\/v2\/posts\/33132\/revisions\/33134"}],"wp:featuredmedia":[{"embeddable":true,"href":"https:\/\/smnoticias.com.mx\/index.php\/wp-json\/wp\/v2\/media\/33133"}],"wp:attachment":[{"href":"https:\/\/smnoticias.com.mx\/index.php\/wp-json\/wp\/v2\/media?parent=33132"}],"wp:term":[{"taxonomy":"category","embeddable":true,"href":"https:\/\/smnoticias.com.mx\/index.php\/wp-json\/wp\/v2\/categories?post=33132"},{"taxonomy":"post_tag","embeddable":true,"href":"https:\/\/smnoticias.com.mx\/index.php\/wp-json\/wp\/v2\/tags?post=33132"}],"curies":[{"name":"wp","href":"https:\/\/api.w.org\/{rel}","templated":true}]}}