{"id":33137,"date":"2026-04-28T11:33:00","date_gmt":"2026-04-28T11:33:00","guid":{"rendered":"https:\/\/smnoticias.com.mx\/?p=33137"},"modified":"2026-04-28T18:17:14","modified_gmt":"2026-04-28T18:17:14","slug":"gobierno-de-soledad-arranca-reconstruccion-de-nuevo-parque-urbano-en-la-zona-oriente","status":"publish","type":"post","link":"https:\/\/smnoticias.com.mx\/index.php\/2026\/04\/28\/gobierno-de-soledad-arranca-reconstruccion-de-nuevo-parque-urbano-en-la-zona-oriente\/","title":{"rendered":"Gobierno de Soledad arranca reconstrucci\u00f3n de nuevo parque urbano en la zona oriente"},"content":{"rendered":"\n<ul>\n<li><strong>Con una inversi\u00f3n de m\u00e1s de dos millones de pesos, el Alcalde, Juan Manuel Navarro instruy\u00f3 el comienzo de esta obra que traer\u00e1 beneficios m\u00faltiples para casi 5 mil habitantes de la zona oriente.&nbsp;<\/strong><\/li>\n<\/ul>\n\n\n\n<p>Juan Manuel Navarro Mu\u00f1iz, Alcalde de Soledad de Graciano S\u00e1nchez, impulsa la generaci\u00f3n de m\u00e1s espacios p\u00fablicos multifuncionales para el disfrute de las familias y el esparcimiento positivo de j\u00f3venes e infantes, y este lunes, instruy\u00f3 el arranque de la reconstrucci\u00f3n del Parque Urbano en la colonia \u201cPuertas del Sol\u201d, al oriente del municipio, un proyecto que beneficiar\u00e1 a m\u00e1s de 4 mil 500 habitantes y que fortalece la cercan\u00eda del Gobierno municipal, al atender anhelos hist\u00f3ricos para el mejoramiento urbano y la interacci\u00f3n de las personas de todas las edades.<\/p>\n\n\n\n<p>Durante el arranque de los trabajos, en medio de un ambiente de entusiasmo, con familias reunidas y ni\u00f1as y ni\u00f1os que ya imaginan el uso de las nuevas \u00e1reas recreativas, se inform\u00f3 que la obra contempla una inversi\u00f3n de m\u00e1s de dos millones de pesos, destinada a la rehabilitaci\u00f3n integral de una superficie aproximada de 5 mil 100 metros cuadrados, con trabajos de construcci\u00f3n de un sal\u00f3n de usos m\u00faltiples, sanitarios, cancha multifuncional, gradas, zonas de descanso, andador peatonal, \u00e1rea de juegos infantiles, gimnasio al aire libre, trotapista y \u00e1reas verdes; adem\u00e1s de iluminaci\u00f3n LED y cercado perimetral para brindar mayor seguridad.<\/p>\n\n\n\n<p>En representaci\u00f3n del Alcalde, el Secretario General del Ayuntamiento, Benjam\u00edn P\u00e9rez \u00c1lvarez destac\u00f3 que este proyecto responde a un compromiso firme de acercar mejores condiciones de vida a la ciudadan\u00eda: \u201cEsta es una obra que el Alcalde ya ten\u00eda contemplada y que hoy se concreta para beneficio de todas y todos ustedes; vamos a rehabilitar m\u00e1s de cinco mil metros cuadrados de superficie recreativa y deportiva y lo vamos a dejar como nuevo, como le gusta al Presidente, para que muy pronto puedan disfrutarlo\u201d, expres\u00f3, al subrayar que se sigue avanzando en la meta de rehabilitar 150 espacios recreativos en el municipio.<\/p>\n\n\n\n<p>A nombre de las familias beneficiarias, la vecina Monserrat \u00c1vila expres\u00f3: \u201cMuchas gracias a nombre de nuestros ni\u00f1os que son quienes lo van a usar; les agradecemos por rescatarlo del abandono y los invitamos a que regresen cuando est\u00e9 en funcionamiento\u201d, al reconocer a un Ayuntamiento cercano que escucha y atiende a su gente.<\/p>\n\n\n\n<p>Durante el evento, se entregaron juguetes a las y los ni\u00f1os presentes y se extern\u00f3 el mensaje del Alcalde, Navarro Mu\u00f1iz, sobre que el presente y el porvenir de Soledad de Graciano S\u00e1nchez recae en la ni\u00f1ez, por ello, se trabaja fuerte para ofrecerles espacios ideales para su desarrollo y crecimiento integral. Carritos, mu\u00f1ecas, juegos de t\u00e9, mu\u00f1ecos de acci\u00f3n, balones, fueron parte de la alegr\u00eda de las y los peque\u00f1os durante este comienzo de obra.<\/p>\n\n\n\n<p>El Ayuntamiento reafirma as\u00ed su compromiso de mantenerse cercano a las familias, atendiendo sus necesidades con obras que transforman su entorno y fortalecen el tejido social, y contin\u00faa avanzando con paso firme en la recuperaci\u00f3n de espacios p\u00fablicos, brindando a ni\u00f1as, ni\u00f1os, j\u00f3venes y personas adultas mayores lugares dignos, seguros y funcionales para su desarrollo integral.<\/p>\n","protected":false},"excerpt":{"rendered":"<p>Juan Manuel Navarro Mu\u00f1iz, Alcalde de Soledad de Graciano S\u00e1nchez, impulsa la generaci\u00f3n de m\u00e1s espacios p\u00fablicos multifuncionales para el disfrute de las familias y el esparcimiento positivo de j\u00f3venes e infantes, y este lunes, instruy\u00f3 el arranque de la reconstrucci\u00f3n del Parque Urbano en la colonia \u201cPuertas del Sol\u201d, al oriente del municipio, un [&hellip;]<\/p>\n","protected":false},"author":1,"featured_media":33138,"comment_status":"open","ping_status":"open","sticky":false,"template":"","format":"standard","meta":{"om_disable_all_campaigns":false,"footnotes":""},"categories":[10],"tags":[],"aioseo_notices":[],"_links":{"self":[{"href":"https:\/\/smnoticias.com.mx\/index.php\/wp-json\/wp\/v2\/posts\/33137"}],"collection":[{"href":"https:\/\/smnoticias.com.mx\/index.php\/wp-json\/wp\/v2\/posts"}],"about":[{"href":"https:\/\/smnoticias.com.mx\/index.php\/wp-json\/wp\/v2\/types\/post"}],"author":[{"embeddable":true,"href":"https:\/\/smnoticias.com.mx\/index.php\/wp-json\/wp\/v2\/users\/1"}],"replies":[{"embeddable":true,"href":"https:\/\/smnoticias.com.mx\/index.php\/wp-json\/wp\/v2\/comments?post=33137"}],"version-history":[{"count":1,"href":"https:\/\/smnoticias.com.mx\/index.php\/wp-json\/wp\/v2\/posts\/33137\/revisions"}],"predecessor-version":[{"id":33139,"href":"https:\/\/smnoticias.com.mx\/index.php\/wp-json\/wp\/v2\/posts\/33137\/revisions\/33139"}],"wp:featuredmedia":[{"embeddable":true,"href":"https:\/\/smnoticias.com.mx\/index.php\/wp-json\/wp\/v2\/media\/33138"}],"wp:attachment":[{"href":"https:\/\/smnoticias.com.mx\/index.php\/wp-json\/wp\/v2\/media?parent=33137"}],"wp:term":[{"taxonomy":"category","embeddable":true,"href":"https:\/\/smnoticias.com.mx\/index.php\/wp-json\/wp\/v2\/categories?post=33137"},{"taxonomy":"post_tag","embeddable":true,"href":"https:\/\/smnoticias.com.mx\/index.php\/wp-json\/wp\/v2\/tags?post=33137"}],"curies":[{"name":"wp","href":"https:\/\/api.w.org\/{rel}","templated":true}]}}