{"id":33140,"date":"2026-04-28T12:18:00","date_gmt":"2026-04-28T12:18:00","guid":{"rendered":"https:\/\/smnoticias.com.mx\/?p=33140"},"modified":"2026-04-28T18:37:49","modified_gmt":"2026-04-28T18:37:49","slug":"estado-con-capacitaciones-sin-limites-en-cultura-de-proteccion-civil-y-primeros-auxilios","status":"publish","type":"post","link":"https:\/\/smnoticias.com.mx\/index.php\/2026\/04\/28\/estado-con-capacitaciones-sin-limites-en-cultura-de-proteccion-civil-y-primeros-auxilios\/","title":{"rendered":"Estado con capacitaciones sin l\u00edmites en cultura de protecci\u00f3n civil y primeros auxilios"},"content":{"rendered":"\n<p>En cumplimiento a una indicaci\u00f3n del Gobernador Ricardo Gallardo Cardona para involucrar sin l\u00edmites a todos los sectores de la sociedad en temas de cultura de protecci\u00f3n civil y primeros auxilios, la Coordinaci\u00f3n Estatal de Protecci\u00f3n Civil, mantiene un programa permanente de capacitaciones que son impartidos por expertos en la materia.<\/p>\n\n\n\n<p>En este sentido el titular de la CEPC, Mauricio Ordaz Flores, sostuvo que el mandatario potosino, mantiene un alto inter\u00e9s porque todos los sectores de la sociedad se capaciten, incluso destac\u00f3 que instruy\u00f3 para reforzar este aspecto en las industrias para que cumplan con este requisito que se considera b\u00e1sico.<\/p>\n\n\n\n<p>\u201cPor parte de Protecci\u00f3n Civil Estatal nos mostramos abiertos y en la mejor disposici\u00f3n de brindar capacitaciones o cursos, estamos realizando visitas en planteles educativos con una excelente respuesta\u201d, coment\u00f3.<\/p>\n\n\n\n<p>Finalmente, se informa que de manera reciente fue impartido el curso-taller de primeros auxilios al personal de la escuela Noe Webster, as\u00ed como integrantes del \u00e1rea de inspecciones de la CEPC en temas como:<\/p>\n\n\n\n<p>Evaluaci\u00f3n de la escena, Soporte b\u00e1sico de vida, Hemorragias, Maniobra de Heimlich y RCP.<\/p>\n\n\n\n<p>Para mayores informes las y los interesados se pueden comunicar a los tel\u00e9fonos 833-73-33 y 883-74-48<\/p>\n","protected":false},"excerpt":{"rendered":"<p>En cumplimiento a una indicaci\u00f3n del Gobernador Ricardo Gallardo Cardona para involucrar sin l\u00edmites a todos los sectores de la sociedad en temas de cultura de protecci\u00f3n civil y primeros auxilios, la Coordinaci\u00f3n Estatal de Protecci\u00f3n Civil, mantiene un programa permanente de capacitaciones que son impartidos por expertos en la materia. En este sentido el [&hellip;]<\/p>\n","protected":false},"author":1,"featured_media":33141,"comment_status":"open","ping_status":"open","sticky":false,"template":"","format":"standard","meta":{"om_disable_all_campaigns":false,"footnotes":""},"categories":[3],"tags":[],"aioseo_notices":[],"_links":{"self":[{"href":"https:\/\/smnoticias.com.mx\/index.php\/wp-json\/wp\/v2\/posts\/33140"}],"collection":[{"href":"https:\/\/smnoticias.com.mx\/index.php\/wp-json\/wp\/v2\/posts"}],"about":[{"href":"https:\/\/smnoticias.com.mx\/index.php\/wp-json\/wp\/v2\/types\/post"}],"author":[{"embeddable":true,"href":"https:\/\/smnoticias.com.mx\/index.php\/wp-json\/wp\/v2\/users\/1"}],"replies":[{"embeddable":true,"href":"https:\/\/smnoticias.com.mx\/index.php\/wp-json\/wp\/v2\/comments?post=33140"}],"version-history":[{"count":1,"href":"https:\/\/smnoticias.com.mx\/index.php\/wp-json\/wp\/v2\/posts\/33140\/revisions"}],"predecessor-version":[{"id":33142,"href":"https:\/\/smnoticias.com.mx\/index.php\/wp-json\/wp\/v2\/posts\/33140\/revisions\/33142"}],"wp:featuredmedia":[{"embeddable":true,"href":"https:\/\/smnoticias.com.mx\/index.php\/wp-json\/wp\/v2\/media\/33141"}],"wp:attachment":[{"href":"https:\/\/smnoticias.com.mx\/index.php\/wp-json\/wp\/v2\/media?parent=33140"}],"wp:term":[{"taxonomy":"category","embeddable":true,"href":"https:\/\/smnoticias.com.mx\/index.php\/wp-json\/wp\/v2\/categories?post=33140"},{"taxonomy":"post_tag","embeddable":true,"href":"https:\/\/smnoticias.com.mx\/index.php\/wp-json\/wp\/v2\/tags?post=33140"}],"curies":[{"name":"wp","href":"https:\/\/api.w.org\/{rel}","templated":true}]}}