{"id":33152,"date":"2026-04-28T12:58:00","date_gmt":"2026-04-28T12:58:00","guid":{"rendered":"https:\/\/smnoticias.com.mx\/?p=33152"},"modified":"2026-04-28T19:04:04","modified_gmt":"2026-04-28T19:04:04","slug":"impulsan-el-autoempleo-con-curso-de-reparacion-de-electrodomesticos","status":"publish","type":"post","link":"https:\/\/smnoticias.com.mx\/index.php\/2026\/04\/28\/impulsan-el-autoempleo-con-curso-de-reparacion-de-electrodomesticos\/","title":{"rendered":"Impulsan el autoempleo con curso de reparaci\u00f3n de electrodom\u00e9sticos"},"content":{"rendered":"\n<ul>\n<li><strong>Se llevar\u00e1 a cabo Curso de Reparaci\u00f3n de Electrodom\u00e9sticos, en el Centro Comunitario Mi Casita, el cual dar\u00e1 inicio el lunes 4 de mayo.<\/strong><\/li>\n<\/ul>\n\n\n\n<p>Con el objetivo de fomentar el autoempleo y fortalecer las habilidades t\u00e9cnicas de la ciudadan\u00eda, el Gobierno Municipal de Villa de Pozos, a trav\u00e9s de la Direcci\u00f3n de Participaci\u00f3n Ciudadana, invita a formar parte del Curso de Reparaci\u00f3n de Electrodom\u00e9sticos, el cual se llevar\u00e1 a cabo en el Centro Comunitario Mi Casita, ubicado en calle Ludoteca 117, en la colonia Estrellas de Oriente.<\/p>\n\n\n\n<p>Este curso dar\u00e1 inicio el lunes 4 de mayo, y est\u00e1 dirigido a personas interesadas en aprender un oficio pr\u00e1ctico que les permita mejorar su econom\u00eda familiar, quienes, a lo largo de la capacitaci\u00f3n, las y los participantes podr\u00e1n adquirir conocimientos b\u00e1sicos y funcionales sobre el diagn\u00f3stico, mantenimiento y reparaci\u00f3n de distintos aparatos el\u00e9ctricos de uso cotidiano.<\/p>\n\n\n\n<p>Brenda Yerald\u00edn Nimmerfall Hern\u00e1ndez, mencion\u00f3 que, durante el desarrollo del curso, se abordar\u00e1n temas relacionados con el uso adecuado de herramientas, identificaci\u00f3n de fallas comunes y soluciones pr\u00e1cticas, lo que permitir\u00e1 a las y los asistentes desarrollar habilidades que pueden convertirse en una fuente de ingreso o en una alternativa de autoempleo.<\/p>\n\n\n\n<p>La titular, se\u00f1al\u00f3 que esta capacitaci\u00f3n representa una oportunidad para fortalecer la cultura del aprovechamiento y reutilizaci\u00f3n de los electrodom\u00e9sticos, lo que promueve el ahorro en los hogares al evitar gastos innecesarios en la sustituci\u00f3n de equipos que pueden ser reparados; asimismo, invita a las y los interesados.<\/p>\n","protected":false},"excerpt":{"rendered":"<p>Con el objetivo de fomentar el autoempleo y fortalecer las habilidades t\u00e9cnicas de la ciudadan\u00eda, el Gobierno Municipal de Villa de Pozos, a trav\u00e9s de la Direcci\u00f3n de Participaci\u00f3n Ciudadana, invita a formar parte del Curso de Reparaci\u00f3n de Electrodom\u00e9sticos, el cual se llevar\u00e1 a cabo en el Centro Comunitario Mi Casita, ubicado en calle [&hellip;]<\/p>\n","protected":false},"author":1,"featured_media":33153,"comment_status":"open","ping_status":"open","sticky":false,"template":"","format":"standard","meta":{"om_disable_all_campaigns":false,"footnotes":""},"categories":[15],"tags":[],"aioseo_notices":[],"_links":{"self":[{"href":"https:\/\/smnoticias.com.mx\/index.php\/wp-json\/wp\/v2\/posts\/33152"}],"collection":[{"href":"https:\/\/smnoticias.com.mx\/index.php\/wp-json\/wp\/v2\/posts"}],"about":[{"href":"https:\/\/smnoticias.com.mx\/index.php\/wp-json\/wp\/v2\/types\/post"}],"author":[{"embeddable":true,"href":"https:\/\/smnoticias.com.mx\/index.php\/wp-json\/wp\/v2\/users\/1"}],"replies":[{"embeddable":true,"href":"https:\/\/smnoticias.com.mx\/index.php\/wp-json\/wp\/v2\/comments?post=33152"}],"version-history":[{"count":1,"href":"https:\/\/smnoticias.com.mx\/index.php\/wp-json\/wp\/v2\/posts\/33152\/revisions"}],"predecessor-version":[{"id":33154,"href":"https:\/\/smnoticias.com.mx\/index.php\/wp-json\/wp\/v2\/posts\/33152\/revisions\/33154"}],"wp:featuredmedia":[{"embeddable":true,"href":"https:\/\/smnoticias.com.mx\/index.php\/wp-json\/wp\/v2\/media\/33153"}],"wp:attachment":[{"href":"https:\/\/smnoticias.com.mx\/index.php\/wp-json\/wp\/v2\/media?parent=33152"}],"wp:term":[{"taxonomy":"category","embeddable":true,"href":"https:\/\/smnoticias.com.mx\/index.php\/wp-json\/wp\/v2\/categories?post=33152"},{"taxonomy":"post_tag","embeddable":true,"href":"https:\/\/smnoticias.com.mx\/index.php\/wp-json\/wp\/v2\/tags?post=33152"}],"curies":[{"name":"wp","href":"https:\/\/api.w.org\/{rel}","templated":true}]}}