{"id":33189,"date":"2026-04-28T14:00:00","date_gmt":"2026-04-28T14:00:00","guid":{"rendered":"https:\/\/smnoticias.com.mx\/?p=33189"},"modified":"2026-04-29T00:44:56","modified_gmt":"2026-04-29T00:44:56","slug":"villa-de-pozos-fortalece-coordinacion-con-sector-industrial-para-impulsar-acciones-ambientales","status":"publish","type":"post","link":"https:\/\/smnoticias.com.mx\/index.php\/2026\/04\/28\/villa-de-pozos-fortalece-coordinacion-con-sector-industrial-para-impulsar-acciones-ambientales\/","title":{"rendered":"Villa de Pozos fortalece coordinaci\u00f3n con sector industrial para impulsar acciones ambientales"},"content":{"rendered":"\n<ul>\n<li><strong>Destacan iniciativas de reforestaci\u00f3n y colaboraci\u00f3n con empresas para promover el desarrollo sostenible y el bienestar comunitario.<\/strong><\/li>\n<\/ul>\n\n\n\n<p>El gobierno municipal de Villa de Pozos, encabezado por la presidenta concejal Paty Aradillas, fortaleci\u00f3 la coordinaci\u00f3n con el sector industrial al realizar gestiones para llevar a cabo acciones conjuntas en favor del medio ambiente, y consolidar una agenda de trabajo basada en la colaboraci\u00f3n y la responsabilidad compartida.<\/p>\n\n\n\n<p>Lo anterior, tras la visita que realiz\u00f3 a la empresa SIIX EMS M\u00e9xico, ubicada en el Parque Industrial Colinas, donde particip\u00f3 en la inauguraci\u00f3n de la Semana del D\u00eda Mundial de la Seguridad y la Salud en el Trabajo, el cual permiti\u00f3 reafirmar el compromiso de impulsar estrategias sostenibles que integren la participaci\u00f3n de empresas, autoridades y comunidad.<\/p>\n\n\n\n<p>En este sentido, Paty Aradillas destac\u00f3 la importancia de trabajar de la mano con el sector productivo para fortalecer acciones ambientales, incluyendo iniciativas conjuntas con el Parque Colinas del Parque, orientadas a la conservaci\u00f3n de \u00e1reas verdes y la promoci\u00f3n de una cultura ecol\u00f3gica entre la poblaci\u00f3n.<\/p>\n\n\n\n<p>Asimismo, como parte de estas acciones coordinadas, se contempla la implementaci\u00f3n de jornadas de reforestaci\u00f3n en colonias cercanas a la zona industrial, con el objetivo de mejorar el entorno urbano, fomentar la participaci\u00f3n ciudadana y contribuir al desarrollo sostenible del municipio.<\/p>\n","protected":false},"excerpt":{"rendered":"<p>El gobierno municipal de Villa de Pozos, encabezado por la presidenta concejal Paty Aradillas, fortaleci\u00f3 la coordinaci\u00f3n con el sector industrial al realizar gestiones para llevar a cabo acciones conjuntas en favor del medio ambiente, y consolidar una agenda de trabajo basada en la colaboraci\u00f3n y la responsabilidad compartida. Lo anterior, tras la visita que [&hellip;]<\/p>\n","protected":false},"author":1,"featured_media":33190,"comment_status":"open","ping_status":"open","sticky":false,"template":"","format":"standard","meta":{"om_disable_all_campaigns":false,"footnotes":""},"categories":[15],"tags":[],"aioseo_notices":[],"_links":{"self":[{"href":"https:\/\/smnoticias.com.mx\/index.php\/wp-json\/wp\/v2\/posts\/33189"}],"collection":[{"href":"https:\/\/smnoticias.com.mx\/index.php\/wp-json\/wp\/v2\/posts"}],"about":[{"href":"https:\/\/smnoticias.com.mx\/index.php\/wp-json\/wp\/v2\/types\/post"}],"author":[{"embeddable":true,"href":"https:\/\/smnoticias.com.mx\/index.php\/wp-json\/wp\/v2\/users\/1"}],"replies":[{"embeddable":true,"href":"https:\/\/smnoticias.com.mx\/index.php\/wp-json\/wp\/v2\/comments?post=33189"}],"version-history":[{"count":1,"href":"https:\/\/smnoticias.com.mx\/index.php\/wp-json\/wp\/v2\/posts\/33189\/revisions"}],"predecessor-version":[{"id":33191,"href":"https:\/\/smnoticias.com.mx\/index.php\/wp-json\/wp\/v2\/posts\/33189\/revisions\/33191"}],"wp:featuredmedia":[{"embeddable":true,"href":"https:\/\/smnoticias.com.mx\/index.php\/wp-json\/wp\/v2\/media\/33190"}],"wp:attachment":[{"href":"https:\/\/smnoticias.com.mx\/index.php\/wp-json\/wp\/v2\/media?parent=33189"}],"wp:term":[{"taxonomy":"category","embeddable":true,"href":"https:\/\/smnoticias.com.mx\/index.php\/wp-json\/wp\/v2\/categories?post=33189"},{"taxonomy":"post_tag","embeddable":true,"href":"https:\/\/smnoticias.com.mx\/index.php\/wp-json\/wp\/v2\/tags?post=33189"}],"curies":[{"name":"wp","href":"https:\/\/api.w.org\/{rel}","templated":true}]}}