{"id":33192,"date":"2026-04-28T12:15:00","date_gmt":"2026-04-28T12:15:00","guid":{"rendered":"https:\/\/smnoticias.com.mx\/?p=33192"},"modified":"2026-04-29T00:48:53","modified_gmt":"2026-04-29T00:48:53","slug":"exhorta-marco-gama-a-autoridades-federales-a-frenar-el-aumento-en-el-precio-de-la-tortilla","status":"publish","type":"post","link":"https:\/\/smnoticias.com.mx\/index.php\/2026\/04\/28\/exhorta-marco-gama-a-autoridades-federales-a-frenar-el-aumento-en-el-precio-de-la-tortilla\/","title":{"rendered":"Exhorta Marco Gama a autoridades federales a frenar el aumento en el precio de la tortilla"},"content":{"rendered":"\n<ul>\n<li><strong>El legislador de Movimiento Ciudadano advierte que el costo del alimento b\u00e1sico alcanza hasta los 27 pesos en San Luis Potos\u00ed.<\/strong><\/li>\n<\/ul>\n\n\n\n<p>Ante el incremento sostenido en el costo de los insumos y la presi\u00f3n inflacionaria que afecta el bolsillo de los mexicanos, el diputado Marco Gama Basarte de Movimiento Ciudadano, propuso un Punto de Acuerdo para exhortar a las autoridades federales a implementar medidas urgentes que estabilicen el precio de la tortilla.<\/p>\n\n\n\n<p>Desde la tribuna del Congreso del Estado, el legislador calific\u00f3 la situaci\u00f3n como un tema de justicia social y seguridad alimentaria, se\u00f1alando que en San Luis Potos\u00ed el precio por kilogramo ya oscila entre los 24 y 27 pesos, una cifra que compromete el acceso a una alimentaci\u00f3n digna para las familias con menores ingresos.<\/p>\n\n\n\n<p>\u00abHablar de la tortilla en M\u00e9xico no es hablar de cualquier producto, es hablar de un alimento esencial. Cuando sube la tortilla, sube el costo de vida y se afecta directamente el bolsillo de quienes menos tienen\u00bb, afirm\u00f3.<\/p>\n\n\n\n<p>El Punto de Acuerdo propone exhortar a la Presidencia de la Rep\u00fablica, a la Secretar\u00eda de Econom\u00eda, a la Secretar\u00eda de Agricultura y Desarrollo Rural (SADER) y a la Procuradur\u00eda Federal del Consumidor (PROFECO), a implementar acciones integrales para estabilizar el precio de la tortilla, mediante el establecimiento de mesas de di\u00e1logo con la cadena productiva y una vigilancia estrecha que evite incrementos injustificados o especulaciones que afecten la econom\u00eda de las familias.<\/p>\n","protected":false},"excerpt":{"rendered":"<p>Ante el incremento sostenido en el costo de los insumos y la presi\u00f3n inflacionaria que afecta el bolsillo de los mexicanos, el diputado Marco Gama Basarte de Movimiento Ciudadano, propuso un Punto de Acuerdo para exhortar a las autoridades federales a implementar medidas urgentes que estabilicen el precio de la tortilla. Desde la tribuna del [&hellip;]<\/p>\n","protected":false},"author":1,"featured_media":33193,"comment_status":"open","ping_status":"open","sticky":false,"template":"","format":"standard","meta":{"om_disable_all_campaigns":false,"footnotes":""},"categories":[13],"tags":[],"aioseo_notices":[],"_links":{"self":[{"href":"https:\/\/smnoticias.com.mx\/index.php\/wp-json\/wp\/v2\/posts\/33192"}],"collection":[{"href":"https:\/\/smnoticias.com.mx\/index.php\/wp-json\/wp\/v2\/posts"}],"about":[{"href":"https:\/\/smnoticias.com.mx\/index.php\/wp-json\/wp\/v2\/types\/post"}],"author":[{"embeddable":true,"href":"https:\/\/smnoticias.com.mx\/index.php\/wp-json\/wp\/v2\/users\/1"}],"replies":[{"embeddable":true,"href":"https:\/\/smnoticias.com.mx\/index.php\/wp-json\/wp\/v2\/comments?post=33192"}],"version-history":[{"count":1,"href":"https:\/\/smnoticias.com.mx\/index.php\/wp-json\/wp\/v2\/posts\/33192\/revisions"}],"predecessor-version":[{"id":33194,"href":"https:\/\/smnoticias.com.mx\/index.php\/wp-json\/wp\/v2\/posts\/33192\/revisions\/33194"}],"wp:featuredmedia":[{"embeddable":true,"href":"https:\/\/smnoticias.com.mx\/index.php\/wp-json\/wp\/v2\/media\/33193"}],"wp:attachment":[{"href":"https:\/\/smnoticias.com.mx\/index.php\/wp-json\/wp\/v2\/media?parent=33192"}],"wp:term":[{"taxonomy":"category","embeddable":true,"href":"https:\/\/smnoticias.com.mx\/index.php\/wp-json\/wp\/v2\/categories?post=33192"},{"taxonomy":"post_tag","embeddable":true,"href":"https:\/\/smnoticias.com.mx\/index.php\/wp-json\/wp\/v2\/tags?post=33192"}],"curies":[{"name":"wp","href":"https:\/\/api.w.org\/{rel}","templated":true}]}}