{"id":33206,"date":"2026-04-29T12:52:00","date_gmt":"2026-04-29T12:52:00","guid":{"rendered":"https:\/\/smnoticias.com.mx\/?p=33206"},"modified":"2026-04-29T19:48:36","modified_gmt":"2026-04-29T19:48:36","slug":"ricardo-gallardo-y-paty-aradillas-festejan-a-ninos-y-ninas-de-la-zona-urbana","status":"publish","type":"post","link":"https:\/\/smnoticias.com.mx\/index.php\/2026\/04\/29\/ricardo-gallardo-y-paty-aradillas-festejan-a-ninos-y-ninas-de-la-zona-urbana\/","title":{"rendered":"Ricardo Gallardo y Paty Aradillas festejan a ni\u00f1os y ni\u00f1as de la zona urbana"},"content":{"rendered":"\n<ul>\n<li><strong>Celebraron el d\u00eda del ni\u00f1o y la ni\u00f1a en plaza Las \u00c1guilas, con juguetes, m\u00fasica y mucha diversi\u00f3n.<\/strong><\/li>\n<\/ul>\n\n\n\n<p>En el marco del D\u00eda del Ni\u00f1o y la Ni\u00f1a, la presidenta concejal de Villa de Pozos, Paty Aradillas, en coordinaci\u00f3n con el gobernador del estado, Ricardo Gallardo Cardona, encabezaron un emotivo festejo dirigido a las ni\u00f1as y ni\u00f1os de la zona urbana de este municipio, en el que llevaron alegr\u00eda y momentos inolvidables a las familias de este sector.<\/p>\n\n\n\n<p>La celebraci\u00f3n se llev\u00f3 a cabo en la Plaza Las \u00c1guilas, donde las y los peque\u00f1os disfrutaron de un ambiente lleno de m\u00fasica, juegos y actividades recreativas dise\u00f1adas especialmente para su diversi\u00f3n.<\/p>\n\n\n\n<p>Durante el evento, se realiz\u00f3 la entrega de regalos, lo que gener\u00f3 gran emoci\u00f3n entre las y los asistentes, quienes tambi\u00e9n participaron en din\u00e1micas, concursos y espect\u00e1culos que hicieron de esta jornada una experiencia memorable.<\/p>\n\n\n\n<p>Paty Aradillas destac\u00f3 la importancia de generar espacios de esparcimiento y bienestar para la ni\u00f1ez, y reafirm\u00f3 el compromiso de su gobierno de trabajar por su desarrollo integral.<\/p>\n","protected":false},"excerpt":{"rendered":"<p>En el marco del D\u00eda del Ni\u00f1o y la Ni\u00f1a, la presidenta concejal de Villa de Pozos, Paty Aradillas, en coordinaci\u00f3n con el gobernador del estado, Ricardo Gallardo Cardona, encabezaron un emotivo festejo dirigido a las ni\u00f1as y ni\u00f1os de la zona urbana de este municipio, en el que llevaron alegr\u00eda y momentos inolvidables a [&hellip;]<\/p>\n","protected":false},"author":1,"featured_media":33207,"comment_status":"open","ping_status":"open","sticky":false,"template":"","format":"standard","meta":{"om_disable_all_campaigns":false,"footnotes":""},"categories":[1],"tags":[],"aioseo_notices":[],"_links":{"self":[{"href":"https:\/\/smnoticias.com.mx\/index.php\/wp-json\/wp\/v2\/posts\/33206"}],"collection":[{"href":"https:\/\/smnoticias.com.mx\/index.php\/wp-json\/wp\/v2\/posts"}],"about":[{"href":"https:\/\/smnoticias.com.mx\/index.php\/wp-json\/wp\/v2\/types\/post"}],"author":[{"embeddable":true,"href":"https:\/\/smnoticias.com.mx\/index.php\/wp-json\/wp\/v2\/users\/1"}],"replies":[{"embeddable":true,"href":"https:\/\/smnoticias.com.mx\/index.php\/wp-json\/wp\/v2\/comments?post=33206"}],"version-history":[{"count":1,"href":"https:\/\/smnoticias.com.mx\/index.php\/wp-json\/wp\/v2\/posts\/33206\/revisions"}],"predecessor-version":[{"id":33208,"href":"https:\/\/smnoticias.com.mx\/index.php\/wp-json\/wp\/v2\/posts\/33206\/revisions\/33208"}],"wp:featuredmedia":[{"embeddable":true,"href":"https:\/\/smnoticias.com.mx\/index.php\/wp-json\/wp\/v2\/media\/33207"}],"wp:attachment":[{"href":"https:\/\/smnoticias.com.mx\/index.php\/wp-json\/wp\/v2\/media?parent=33206"}],"wp:term":[{"taxonomy":"category","embeddable":true,"href":"https:\/\/smnoticias.com.mx\/index.php\/wp-json\/wp\/v2\/categories?post=33206"},{"taxonomy":"post_tag","embeddable":true,"href":"https:\/\/smnoticias.com.mx\/index.php\/wp-json\/wp\/v2\/tags?post=33206"}],"curies":[{"name":"wp","href":"https:\/\/api.w.org\/{rel}","templated":true}]}}