{"id":33212,"date":"2026-04-29T12:20:00","date_gmt":"2026-04-29T12:20:00","guid":{"rendered":"https:\/\/smnoticias.com.mx\/?p=33212"},"modified":"2026-04-29T21:39:15","modified_gmt":"2026-04-29T21:39:15","slug":"gobierno-de-la-capital-abre-convocatoria-2026-del-distintivo-comunidad-futuro","status":"publish","type":"post","link":"https:\/\/smnoticias.com.mx\/index.php\/2026\/04\/29\/gobierno-de-la-capital-abre-convocatoria-2026-del-distintivo-comunidad-futuro\/","title":{"rendered":"Gobierno de la Capital abre convocatoria 2026 del Distintivo Comunidad Futuro"},"content":{"rendered":"\n<ul>\n<li><strong>Impulsada por el Alcalde Enrique Galindo, la iniciativa busca reconocer a empresas que apuestan por la sostenibilidad y la responsabilidad social.<\/strong><\/li>\n<\/ul>\n\n\n\n<p>La Direcci\u00f3n de Desarrollo Econ\u00f3mico de San Luis Capital lanz\u00f3 la convocatoria para la Edici\u00f3n 2026 del Distintivo Comunidad Futuro, una iniciativa que promueve la participaci\u00f3n de empresas comprometidas con el desarrollo sostenible y el fortalecimiento del entorno social.<\/p>\n\n\n\n<p>Este reconocimiento, impulsado por el Alcalde Enrique Galindo Ceballos, busca consolidar una red de organizaciones que contribuyan a construir una ciudad m\u00e1s competitiva, responsable y con visi\u00f3n de largo plazo, alineando sus pr\u00e1cticas con el bienestar de la comunidad.<\/p>\n\n\n\n<p>Las empresas interesadas pueden participar solicitando las bases a trav\u00e9s del correo <a href=\"mailto:comunidad.futuro@sanluis.gob.mx\">comunidad.futuro@sanluis.gob.mx<\/a> o escaneando el c\u00f3digo QR disponible en la convocatoria, con el objetivo de sumarse a este esfuerzo que impulsa el futuro de San Luis Capital.<\/p>\n","protected":false},"excerpt":{"rendered":"<p>La Direcci\u00f3n de Desarrollo Econ\u00f3mico de San Luis Capital lanz\u00f3 la convocatoria para la Edici\u00f3n 2026 del Distintivo Comunidad Futuro, una iniciativa que promueve la participaci\u00f3n de empresas comprometidas con el desarrollo sostenible y el fortalecimiento del entorno social. Este reconocimiento, impulsado por el Alcalde Enrique Galindo Ceballos, busca consolidar una red de organizaciones que [&hellip;]<\/p>\n","protected":false},"author":1,"featured_media":33213,"comment_status":"open","ping_status":"open","sticky":false,"template":"","format":"standard","meta":{"om_disable_all_campaigns":false,"footnotes":""},"categories":[4],"tags":[],"aioseo_notices":[],"_links":{"self":[{"href":"https:\/\/smnoticias.com.mx\/index.php\/wp-json\/wp\/v2\/posts\/33212"}],"collection":[{"href":"https:\/\/smnoticias.com.mx\/index.php\/wp-json\/wp\/v2\/posts"}],"about":[{"href":"https:\/\/smnoticias.com.mx\/index.php\/wp-json\/wp\/v2\/types\/post"}],"author":[{"embeddable":true,"href":"https:\/\/smnoticias.com.mx\/index.php\/wp-json\/wp\/v2\/users\/1"}],"replies":[{"embeddable":true,"href":"https:\/\/smnoticias.com.mx\/index.php\/wp-json\/wp\/v2\/comments?post=33212"}],"version-history":[{"count":1,"href":"https:\/\/smnoticias.com.mx\/index.php\/wp-json\/wp\/v2\/posts\/33212\/revisions"}],"predecessor-version":[{"id":33214,"href":"https:\/\/smnoticias.com.mx\/index.php\/wp-json\/wp\/v2\/posts\/33212\/revisions\/33214"}],"wp:featuredmedia":[{"embeddable":true,"href":"https:\/\/smnoticias.com.mx\/index.php\/wp-json\/wp\/v2\/media\/33213"}],"wp:attachment":[{"href":"https:\/\/smnoticias.com.mx\/index.php\/wp-json\/wp\/v2\/media?parent=33212"}],"wp:term":[{"taxonomy":"category","embeddable":true,"href":"https:\/\/smnoticias.com.mx\/index.php\/wp-json\/wp\/v2\/categories?post=33212"},{"taxonomy":"post_tag","embeddable":true,"href":"https:\/\/smnoticias.com.mx\/index.php\/wp-json\/wp\/v2\/tags?post=33212"}],"curies":[{"name":"wp","href":"https:\/\/api.w.org\/{rel}","templated":true}]}}