{"id":33230,"date":"2026-04-29T15:10:00","date_gmt":"2026-04-29T15:10:00","guid":{"rendered":"https:\/\/smnoticias.com.mx\/?p=33230"},"modified":"2026-04-29T23:09:32","modified_gmt":"2026-04-29T23:09:32","slug":"alcalde-juan-manuel-navarro-abre-espacio-al-sentir-y-a-la-voz-de-ninos-y-ninas-durante-cabildo-infantil","status":"publish","type":"post","link":"https:\/\/smnoticias.com.mx\/index.php\/2026\/04\/29\/alcalde-juan-manuel-navarro-abre-espacio-al-sentir-y-a-la-voz-de-ninos-y-ninas-durante-cabildo-infantil\/","title":{"rendered":"Alcalde Juan Manuel Navarro abre espacio al sentir y a la voz de ni\u00f1os y ni\u00f1as durante cabildo infantil"},"content":{"rendered":"\n<p><strong>&#8211;&nbsp;&nbsp;&nbsp;&nbsp;&nbsp;&nbsp;&nbsp;&nbsp;&nbsp;&nbsp;&nbsp; Este mi\u00e9rcoles,16 estudiantes de distintas colonias participaron en una sesi\u00f3n de Cabildo Infantil, donde expusieron propuestas para mejorar sus escuelas y entorno.<\/strong><\/p>\n\n\n\n<p><strong>&#8211;&nbsp;&nbsp;&nbsp;&nbsp;&nbsp;&nbsp;&nbsp;&nbsp;&nbsp;&nbsp;&nbsp; Este ejercicio, en el marco del 30 de abril, fortalece la inclusi\u00f3n y permite al Ayuntamiento mirar las problem\u00e1ticas desde la perspectiva de las ni\u00f1as y los ni\u00f1os.<\/strong><\/p>\n\n\n\n<p>Juan Manuel Navarro Mu\u00f1iz, Alcalde de Soledad de Graciano S\u00e1nchez, encabez\u00f3 este 29 de abril una significativa sesi\u00f3n de Cabildo Infantil, con la participaci\u00f3n de 16 ni\u00f1as y ni\u00f1os de distintas escuelas del municipio, quienes asumieron roles como Presidente Municipal, Secretario General, s\u00edndicos y regidores por un d\u00eda, en el marco del D\u00eda del Ni\u00f1o y de la Ni\u00f1a; desde el Sal\u00f3n de Cabildo, las y los menores conocieron de cerca el funcionamiento del Ayuntamiento y vivieron la experiencia de tomar decisiones para su comunidad, en una actividad que reafirma el compromiso de este Gobierno de estar cerca de las familias y escuchar a las nuevas generaciones.<\/p>\n\n\n\n<p>Durante la sesi\u00f3n, el estudiante \u00c1ngel Daniel fungi\u00f3 como Presidente Municipal; Edwin Martin como Secretario General; mientras que \u00c1ngel Gael y Luc\u00eda asumieron las sindicaturas, acompa\u00f1ados por ni\u00f1as y ni\u00f1os regidores como Emiliano, Brittani Anah\u00ed, Amaury, Victor Manuel, Alison, Melany Itzel, Fernanda Giselle, Ingrid Nahomi, \u00c1ngela Isabel, Victoria, Helen Yeiselyn y Rom\u00e1n, quienes expusieron propuestas relacionadas con el mejoramiento de espacios deportivos, seguridad escolar, rehabilitaci\u00f3n de \u00e1reas verdes, se\u00f1al\u00e9tica en escuelas, acceso al agua y fomento a la lectura, provenientes de instituciones educativas ubicadas en colonias como Valle de la Palma, Enrique Estrada, Prados de Tabach\u00edn, Cerrada de los Valles y La Constancia.<\/p>\n\n\n\n<p>En todo momento, el Alcalde, junto al secretario general, Benjam\u00edn P\u00e9rez \u00c1lvarez, acompa\u00f1\u00f3 y respald\u00f3 el desarrollo de la sesi\u00f3n, generando un di\u00e1logo cercano en el que escucharon con atenci\u00f3n las inquietudes, ideas y visi\u00f3n de las y los ni\u00f1os para construir un mejor Soledad. \u201cEstoy tomando nota de cada una de sus peticiones para atenderlas a la brevedad; ustedes tienen una voz muy valiosa y quiero saber tambi\u00e9n qu\u00e9 les gustar\u00eda que cambiara en su municipio\u201d, expres\u00f3 el Alcalde, al tiempo de comprometerse a llevar dotaciones de juguetes a sus escuelas como parte de esta celebraci\u00f3n.<\/p>\n\n\n\n<p>El edil reconoci\u00f3 el compromiso y la visi\u00f3n de las y los padres de familias, as\u00ed como de directivos y docentes de cada instituci\u00f3n, al impulsar a las y los estudiantes a participar en la vida p\u00fablica de su comunidad, e involucrarse en los asuntos p\u00fablicos de su gobierno. Dijo que este Cabildo infantil resulta un ejercicio fundamental para el Ayuntamiento, permitiendo mirar las problem\u00e1ticas sociales desde otra perspectiva que es la de las ni\u00f1as y los ni\u00f1os, y fortalecer la cultura de la inclusi\u00f3n.<\/p>\n\n\n\n<p>Recalc\u00f3 que el Ayuntamiento de Soledad de Graciano S\u00e1nchez fortalece la cercan\u00eda con la ni\u00f1ez, reconoci\u00e9ndola como base del desarrollo social y como futuras y futuros ciudadanos que dar\u00e1n rumbo al municipio, y que as\u00ed, la Administraci\u00f3n Municipal, reafirma su vocaci\u00f3n de escuchar y atender a todos los sectores, especialmente a quienes hoy, con entusiasmo y creatividad, ya proponen ideas para enaltecer el futuro de Soledad.<\/p>\n","protected":false},"excerpt":{"rendered":"<p>&#8211;&nbsp;&nbsp;&nbsp;&nbsp;&nbsp;&nbsp;&nbsp;&nbsp;&nbsp;&nbsp;&nbsp; Este mi\u00e9rcoles,16 estudiantes de distintas colonias participaron en una sesi\u00f3n de Cabildo Infantil, donde expusieron propuestas para mejorar sus escuelas y entorno. &#8211;&nbsp;&nbsp;&nbsp;&nbsp;&nbsp;&nbsp;&nbsp;&nbsp;&nbsp;&nbsp;&nbsp; Este ejercicio, en el marco del 30 de abril, fortalece la inclusi\u00f3n y permite al Ayuntamiento mirar las problem\u00e1ticas desde la perspectiva de las ni\u00f1as y los ni\u00f1os. Juan Manuel Navarro [&hellip;]<\/p>\n","protected":false},"author":1,"featured_media":33231,"comment_status":"open","ping_status":"open","sticky":false,"template":"","format":"standard","meta":{"om_disable_all_campaigns":false,"footnotes":""},"categories":[10],"tags":[],"aioseo_notices":[],"_links":{"self":[{"href":"https:\/\/smnoticias.com.mx\/index.php\/wp-json\/wp\/v2\/posts\/33230"}],"collection":[{"href":"https:\/\/smnoticias.com.mx\/index.php\/wp-json\/wp\/v2\/posts"}],"about":[{"href":"https:\/\/smnoticias.com.mx\/index.php\/wp-json\/wp\/v2\/types\/post"}],"author":[{"embeddable":true,"href":"https:\/\/smnoticias.com.mx\/index.php\/wp-json\/wp\/v2\/users\/1"}],"replies":[{"embeddable":true,"href":"https:\/\/smnoticias.com.mx\/index.php\/wp-json\/wp\/v2\/comments?post=33230"}],"version-history":[{"count":1,"href":"https:\/\/smnoticias.com.mx\/index.php\/wp-json\/wp\/v2\/posts\/33230\/revisions"}],"predecessor-version":[{"id":33232,"href":"https:\/\/smnoticias.com.mx\/index.php\/wp-json\/wp\/v2\/posts\/33230\/revisions\/33232"}],"wp:featuredmedia":[{"embeddable":true,"href":"https:\/\/smnoticias.com.mx\/index.php\/wp-json\/wp\/v2\/media\/33231"}],"wp:attachment":[{"href":"https:\/\/smnoticias.com.mx\/index.php\/wp-json\/wp\/v2\/media?parent=33230"}],"wp:term":[{"taxonomy":"category","embeddable":true,"href":"https:\/\/smnoticias.com.mx\/index.php\/wp-json\/wp\/v2\/categories?post=33230"},{"taxonomy":"post_tag","embeddable":true,"href":"https:\/\/smnoticias.com.mx\/index.php\/wp-json\/wp\/v2\/tags?post=33230"}],"curies":[{"name":"wp","href":"https:\/\/api.w.org\/{rel}","templated":true}]}}