{"id":33236,"date":"2026-04-29T11:30:00","date_gmt":"2026-04-29T11:30:00","guid":{"rendered":"https:\/\/smnoticias.com.mx\/?p=33236"},"modified":"2026-04-29T23:18:50","modified_gmt":"2026-04-29T23:18:50","slug":"universidad-politecnica-impulsa-foro-de-mercadotecnia-internacional","status":"publish","type":"post","link":"https:\/\/smnoticias.com.mx\/index.php\/2026\/04\/29\/universidad-politecnica-impulsa-foro-de-mercadotecnia-internacional\/","title":{"rendered":"Universidad Polit\u00e9cnica impulsa Foro de Mercadotecnia Internacional"},"content":{"rendered":"\n<ul>\n<li><strong>Fortalece la formaci\u00f3n profesional de sus estudiantes con un encuentro creado por j\u00f3venes y enfocado en innovaci\u00f3n, emprendimiento y proyecci\u00f3n global.<\/strong><\/li>\n<\/ul>\n\n\n\n<p>Bajo la encomienda del Gobernador Ricardo Gallardo Cardona de ampliar oportunidades acad\u00e9micas para la juventud potosina, estudiantes de la Licenciatura en Mercadotecnia de la Universidad Polit\u00e9cnica de San Luis Potos\u00ed (UPSLP) presentaron la edici\u00f3n 20 del Foro de Mercadotecnia Internacional \u201cWe Are Young\u201d. El encuentro, organizado en su totalidad por universitarios, abre un espacio de aprendizaje pr\u00e1ctico donde la creatividad, la construcci\u00f3n de marca personal y el emprendimiento avanzan sin l\u00edmites.<\/p>\n\n\n\n<p>Durante la jornada participar\u00e1n perfiles destacados del marketing, la comunicaci\u00f3n y la creaci\u00f3n de contenido, quienes compartir\u00e1n experiencias sobre estrategias digitales, crecimiento de proyectos y conexi\u00f3n con audiencias. Entre los invitados se encuentran Un Tal Fredo, Roberto Gallegos, Ra\u00fal Guti\u00e9rrez, Carlos Castro y Rafa Polinesio, con trayectorias reconocidas en distintos sectores del entorno digital.<\/p>\n\n\n\n<p>La realizaci\u00f3n de este foro demuestra el talento, liderazgo y capacidad organizativa de las y los estudiantes, adem\u00e1s de acercarlos a experiencias reales del \u00e1mbito profesional, representando el cambio que se vive y se siente con espacios de alto nivel para aprender, crear redes y fortalecer su futuro.<\/p>\n","protected":false},"excerpt":{"rendered":"<p>Bajo la encomienda del Gobernador Ricardo Gallardo Cardona de ampliar oportunidades acad\u00e9micas para la juventud potosina, estudiantes de la Licenciatura en Mercadotecnia de la Universidad Polit\u00e9cnica de San Luis Potos\u00ed (UPSLP) presentaron la edici\u00f3n 20 del Foro de Mercadotecnia Internacional \u201cWe Are Young\u201d. El encuentro, organizado en su totalidad por universitarios, abre un espacio de [&hellip;]<\/p>\n","protected":false},"author":1,"featured_media":33237,"comment_status":"open","ping_status":"open","sticky":false,"template":"","format":"standard","meta":{"om_disable_all_campaigns":false,"footnotes":""},"categories":[3],"tags":[],"aioseo_notices":[],"_links":{"self":[{"href":"https:\/\/smnoticias.com.mx\/index.php\/wp-json\/wp\/v2\/posts\/33236"}],"collection":[{"href":"https:\/\/smnoticias.com.mx\/index.php\/wp-json\/wp\/v2\/posts"}],"about":[{"href":"https:\/\/smnoticias.com.mx\/index.php\/wp-json\/wp\/v2\/types\/post"}],"author":[{"embeddable":true,"href":"https:\/\/smnoticias.com.mx\/index.php\/wp-json\/wp\/v2\/users\/1"}],"replies":[{"embeddable":true,"href":"https:\/\/smnoticias.com.mx\/index.php\/wp-json\/wp\/v2\/comments?post=33236"}],"version-history":[{"count":1,"href":"https:\/\/smnoticias.com.mx\/index.php\/wp-json\/wp\/v2\/posts\/33236\/revisions"}],"predecessor-version":[{"id":33238,"href":"https:\/\/smnoticias.com.mx\/index.php\/wp-json\/wp\/v2\/posts\/33236\/revisions\/33238"}],"wp:featuredmedia":[{"embeddable":true,"href":"https:\/\/smnoticias.com.mx\/index.php\/wp-json\/wp\/v2\/media\/33237"}],"wp:attachment":[{"href":"https:\/\/smnoticias.com.mx\/index.php\/wp-json\/wp\/v2\/media?parent=33236"}],"wp:term":[{"taxonomy":"category","embeddable":true,"href":"https:\/\/smnoticias.com.mx\/index.php\/wp-json\/wp\/v2\/categories?post=33236"},{"taxonomy":"post_tag","embeddable":true,"href":"https:\/\/smnoticias.com.mx\/index.php\/wp-json\/wp\/v2\/tags?post=33236"}],"curies":[{"name":"wp","href":"https:\/\/api.w.org\/{rel}","templated":true}]}}