{"id":33248,"date":"2026-04-29T16:00:00","date_gmt":"2026-04-29T16:00:00","guid":{"rendered":"https:\/\/smnoticias.com.mx\/?p=33248"},"modified":"2026-04-30T01:54:51","modified_gmt":"2026-04-30T01:54:51","slug":"tlaqueparte-regresa-a-san-luis-con-mas-de-200-expositores","status":"publish","type":"post","link":"https:\/\/smnoticias.com.mx\/index.php\/2026\/04\/29\/tlaqueparte-regresa-a-san-luis-con-mas-de-200-expositores\/","title":{"rendered":"\u201cTlaqueparte\u201d regresa a San Luis con m\u00e1s de 200 expositores"},"content":{"rendered":"\n<ul>\n<li><strong>Del 1 al 4 de mayo, albergar\u00e1 esta exposici\u00f3n internacional que re\u00fane talento artesanal de cuatro continentes, consolidando al Estado como un punto estrat\u00e9gico para el comercio.<\/strong><\/li>\n<\/ul>\n\n\n\n<p>Como parte del impulso sin l\u00edmites del Gobernador Ricardo Gallardo Cardona para fortalecer la integridad comercial, el crecimiento econ\u00f3mico y la proyecci\u00f3n internacional, este fin de semana regresa a San Luis Potos\u00ed la exposici\u00f3n internacional \u201cTlaquepArte\u201d, que se realizar\u00e1 en el Centro de Negocios Potos\u00ed (CNP), en las salas A y B del \u00e1rea de exposiciones, con la participaci\u00f3n de m\u00e1s de 200 expositores provenientes de Am\u00e9rica Latina, Europa, \u00c1frica y Asia.<\/p>\n\n\n\n<p>La directora general del recinto, Yathziryy Arah\u00ed Vitales Medina, destac\u00f3 que este evento tuvo gran aceptaci\u00f3n en su edici\u00f3n anterior, por lo que se prev\u00e9 superar la afluencia de visitantes. La exposici\u00f3n ofrecer\u00e1 una amplia variedad de productos como joyer\u00eda, decoraci\u00f3n y artesan\u00edas elaboradas con materiales exclusivos, entre ellos maderas ex\u00f3ticas de Cuba, plata de Taxco, madera tallada de Colombia, l\u00e1mparas de Turqu\u00eda, bisuter\u00eda rusa y sombreros de Panam\u00e1.<\/p>\n\n\n\n<p>Asimismo, se invita a las y los potosinos a aprovechar el d\u00eda de asueto para asistir a esta exposici\u00f3n, que estar\u00e1 abierta del 1 al 4 de mayo en un horario de 10:00 a 20:00 horas, con entrada gratuita. El recinto cuenta con servicios como estacionamiento, cafeter\u00eda, sanitarios y accesos inclusivos, en un espacio que refleja el cambio que se vive y se siente con una proyecci\u00f3n de derrama econ\u00f3mica cercana a los 12 millones de pesos y una creciente apertura al desarrollo comercial y cultural.<\/p>\n","protected":false},"excerpt":{"rendered":"<p>Como parte del impulso sin l\u00edmites del Gobernador Ricardo Gallardo Cardona para fortalecer la integridad comercial, el crecimiento econ\u00f3mico y la proyecci\u00f3n internacional, este fin de semana regresa a San Luis Potos\u00ed la exposici\u00f3n internacional \u201cTlaquepArte\u201d, que se realizar\u00e1 en el Centro de Negocios Potos\u00ed (CNP), en las salas A y B del \u00e1rea de [&hellip;]<\/p>\n","protected":false},"author":1,"featured_media":33249,"comment_status":"open","ping_status":"open","sticky":false,"template":"","format":"standard","meta":{"om_disable_all_campaigns":false,"footnotes":""},"categories":[3],"tags":[],"aioseo_notices":[],"_links":{"self":[{"href":"https:\/\/smnoticias.com.mx\/index.php\/wp-json\/wp\/v2\/posts\/33248"}],"collection":[{"href":"https:\/\/smnoticias.com.mx\/index.php\/wp-json\/wp\/v2\/posts"}],"about":[{"href":"https:\/\/smnoticias.com.mx\/index.php\/wp-json\/wp\/v2\/types\/post"}],"author":[{"embeddable":true,"href":"https:\/\/smnoticias.com.mx\/index.php\/wp-json\/wp\/v2\/users\/1"}],"replies":[{"embeddable":true,"href":"https:\/\/smnoticias.com.mx\/index.php\/wp-json\/wp\/v2\/comments?post=33248"}],"version-history":[{"count":1,"href":"https:\/\/smnoticias.com.mx\/index.php\/wp-json\/wp\/v2\/posts\/33248\/revisions"}],"predecessor-version":[{"id":33250,"href":"https:\/\/smnoticias.com.mx\/index.php\/wp-json\/wp\/v2\/posts\/33248\/revisions\/33250"}],"wp:featuredmedia":[{"embeddable":true,"href":"https:\/\/smnoticias.com.mx\/index.php\/wp-json\/wp\/v2\/media\/33249"}],"wp:attachment":[{"href":"https:\/\/smnoticias.com.mx\/index.php\/wp-json\/wp\/v2\/media?parent=33248"}],"wp:term":[{"taxonomy":"category","embeddable":true,"href":"https:\/\/smnoticias.com.mx\/index.php\/wp-json\/wp\/v2\/categories?post=33248"},{"taxonomy":"post_tag","embeddable":true,"href":"https:\/\/smnoticias.com.mx\/index.php\/wp-json\/wp\/v2\/tags?post=33248"}],"curies":[{"name":"wp","href":"https:\/\/api.w.org\/{rel}","templated":true}]}}