{"id":33255,"date":"2026-04-30T13:00:00","date_gmt":"2026-04-30T13:00:00","guid":{"rendered":"https:\/\/smnoticias.com.mx\/?p=33255"},"modified":"2026-04-30T19:04:57","modified_gmt":"2026-04-30T19:04:57","slug":"ayuntamiento-de-soledad-aprueba-programa-metropolitano-de-desarrollo-y-consolida-crecimiento-ordenado","status":"publish","type":"post","link":"https:\/\/smnoticias.com.mx\/index.php\/2026\/04\/30\/ayuntamiento-de-soledad-aprueba-programa-metropolitano-de-desarrollo-y-consolida-crecimiento-ordenado\/","title":{"rendered":"Ayuntamiento de Soledad aprueba programa metropolitano de desarrollo y consolida crecimiento ordenado"},"content":{"rendered":"\n<p><strong>&#8211;&nbsp;&nbsp;&nbsp;&nbsp;&nbsp;&nbsp;&nbsp;&nbsp;&nbsp;&nbsp;&nbsp; En sesi\u00f3n de Cabildo, se aprob\u00f3 por unanimidad el proyecto que plasma el futuro urbano, social y econ\u00f3mico del municipio hasta el a\u00f1o 2050, en un ejercicio participativo de 7 municipios metropolitanos.<\/strong><\/p>\n\n\n\n<p><strong>&#8211;&nbsp;&nbsp;&nbsp;&nbsp;&nbsp;&nbsp;&nbsp;&nbsp;&nbsp;&nbsp;&nbsp; Asimismo, se aprobaron los estados financieros del primer trimestre del presente a\u00f1o, consolidando finanzas sanas y ordenadas.<\/strong><\/p>\n\n\n\n<p>Juan Manuel Navarro Mu\u00f1iz, Alcalde de Soledad de Graciano S\u00e1nchez, encabez\u00f3 la trig\u00e9simo tercera y trig\u00e9simo cuarta sesiones ordinarias de Cabildo, donde se aprobaron acuerdos clave para el desarrollo ordenado y el fortalecimiento financiero del municipio, destacando la validaci\u00f3n de un instrumento de planeaci\u00f3n metropolitana de largo alcance que define el rumbo urbano, social y econ\u00f3mico de la regi\u00f3n, y el dictamen de estados financieros del primer trimestre del a\u00f1o; esto consolida a una administraci\u00f3n cercana que escucha y atiende las necesidades de las familias.<\/p>\n\n\n\n<p>Durante la trig\u00e9simo cuarta sesi\u00f3n, se autoriz\u00f3 el Programa Metropolitano de la Zona Conurbada de San Luis Potos\u00ed Visi\u00f3n 2026\u20132050, un instrumento hist\u00f3rico que no se actualizaba desde hace 25 a\u00f1os y que establece las bases para el ordenamiento territorial y el desarrollo urbano integral y sustentable de la regi\u00f3n.<\/p>\n\n\n\n<p>Este programa permite la integraci\u00f3n coordinada de los siete municipios conurbados, mejorando la movilidad e interconectividad, y posiciona a Soledad como un detonante social, urbano y econ\u00f3mico al abrir nuevas \u00e1reas de desarrollo habitacional, comercial e industrial, adem\u00e1s de atraer inversiones, hospitales, centros educativos y nuevas fuentes de empleo.<\/p>\n\n\n\n<p>En atenci\u00f3n a la instrucci\u00f3n del Alcalde de mantener cercan\u00eda con todos los sectores, el Ayuntamiento de Soledad destac\u00f3 a nivel nacional por su participaci\u00f3n en consultas incluyentes, al integrar a personas con discapacidad y pueblos originarios, garantizando que sus propuestas fueran tomadas en cuenta.<\/p>\n\n\n\n<p>Asimismo, este programa permitir\u00e1 impulsar proyectos estrat\u00e9gicos como parques urbanos y vialidades inclusivas, que impactar\u00e1n directamente en la calidad de vida de las y los soledenses, en congruencia con el pr\u00f3ximo Programa Municipal de Desarrollo Urbano, elevando la calidad de vida de la poblaci\u00f3n y consolidando un desarrollo urbano arm\u00f3nico hacia el 2050.<\/p>\n\n\n\n<p>Tras la aprobaci\u00f3n del documento por parte del cuerpo edilicio, se proceder\u00e1 a su publicaci\u00f3n en el Peri\u00f3dico Oficial del Estado, plasmando un aporte interesante para consulta de toda la poblaci\u00f3n.<\/p>\n\n\n\n<p>Previamente, en la trig\u00e9sima tercera sesi\u00f3n ordinaria se aprob\u00f3 el dictamen de la Comisi\u00f3n Permanente de Hacienda Municipal correspondiente a los estados financieros del primer trimestre de 2026, donde se reafirma el uso responsable, transparente y eficiente de los recursos p\u00fablicos, ejercicio que refleja una gesti\u00f3n ordenada, con finanzas sanas y enfoque social, que prioriza obras, servicios y acciones en beneficio directo de las y los soledenses.<\/p>\n","protected":false},"excerpt":{"rendered":"<p>&#8211;&nbsp;&nbsp;&nbsp;&nbsp;&nbsp;&nbsp;&nbsp;&nbsp;&nbsp;&nbsp;&nbsp; En sesi\u00f3n de Cabildo, se aprob\u00f3 por unanimidad el proyecto que plasma el futuro urbano, social y econ\u00f3mico del municipio hasta el a\u00f1o 2050, en un ejercicio participativo de 7 municipios metropolitanos. &#8211;&nbsp;&nbsp;&nbsp;&nbsp;&nbsp;&nbsp;&nbsp;&nbsp;&nbsp;&nbsp;&nbsp; Asimismo, se aprobaron los estados financieros del primer trimestre del presente a\u00f1o, consolidando finanzas sanas y ordenadas. Juan Manuel Navarro Mu\u00f1iz, [&hellip;]<\/p>\n","protected":false},"author":1,"featured_media":33256,"comment_status":"open","ping_status":"open","sticky":false,"template":"","format":"standard","meta":{"om_disable_all_campaigns":false,"footnotes":""},"categories":[10],"tags":[],"aioseo_notices":[],"_links":{"self":[{"href":"https:\/\/smnoticias.com.mx\/index.php\/wp-json\/wp\/v2\/posts\/33255"}],"collection":[{"href":"https:\/\/smnoticias.com.mx\/index.php\/wp-json\/wp\/v2\/posts"}],"about":[{"href":"https:\/\/smnoticias.com.mx\/index.php\/wp-json\/wp\/v2\/types\/post"}],"author":[{"embeddable":true,"href":"https:\/\/smnoticias.com.mx\/index.php\/wp-json\/wp\/v2\/users\/1"}],"replies":[{"embeddable":true,"href":"https:\/\/smnoticias.com.mx\/index.php\/wp-json\/wp\/v2\/comments?post=33255"}],"version-history":[{"count":1,"href":"https:\/\/smnoticias.com.mx\/index.php\/wp-json\/wp\/v2\/posts\/33255\/revisions"}],"predecessor-version":[{"id":33257,"href":"https:\/\/smnoticias.com.mx\/index.php\/wp-json\/wp\/v2\/posts\/33255\/revisions\/33257"}],"wp:featuredmedia":[{"embeddable":true,"href":"https:\/\/smnoticias.com.mx\/index.php\/wp-json\/wp\/v2\/media\/33256"}],"wp:attachment":[{"href":"https:\/\/smnoticias.com.mx\/index.php\/wp-json\/wp\/v2\/media?parent=33255"}],"wp:term":[{"taxonomy":"category","embeddable":true,"href":"https:\/\/smnoticias.com.mx\/index.php\/wp-json\/wp\/v2\/categories?post=33255"},{"taxonomy":"post_tag","embeddable":true,"href":"https:\/\/smnoticias.com.mx\/index.php\/wp-json\/wp\/v2\/tags?post=33255"}],"curies":[{"name":"wp","href":"https:\/\/api.w.org\/{rel}","templated":true}]}}