{"id":33261,"date":"2026-04-30T12:19:00","date_gmt":"2026-04-30T12:19:00","guid":{"rendered":"https:\/\/smnoticias.com.mx\/?p=33261"},"modified":"2026-04-30T19:22:34","modified_gmt":"2026-04-30T19:22:34","slug":"ninas-y-ninos-prioridad-del-gobierno-de-villa-de-pozos-paty-aradillas","status":"publish","type":"post","link":"https:\/\/smnoticias.com.mx\/index.php\/2026\/04\/30\/ninas-y-ninos-prioridad-del-gobierno-de-villa-de-pozos-paty-aradillas\/","title":{"rendered":"Ni\u00f1as y ni\u00f1os, prioridad del gobierno de Villa de Pozos: Paty Aradillas"},"content":{"rendered":"\n<ul>\n<li><strong>La presidenta concejal festej\u00f3 a ni\u00f1os y ni\u00f1as de cabecera municipal, Ciudad Sat\u00e9lite y Jassos.<\/strong><\/li>\n<\/ul>\n\n\n\n<p>En el marco de la celebraci\u00f3n del D\u00eda de la Ni\u00f1ez, la presidenta concejal de Villa de Pozos, Paty Aradillas, expres\u00f3 que las ni\u00f1as y los ni\u00f1os son el coraz\u00f3n y la mayor prioridad de su gobierno, al subrayar que cada acci\u00f3n emprendida busca cuidar su bienestar, proteger sus sue\u00f1os y brindarles un entorno lleno de oportunidades, porque invertir en su presente es, sin duda, asegurar un mejor futuro para todas y todos.<\/p>\n\n\n\n<p>Lo anterior, tras celebrar con gran entusiasmo esta fecha en el jard\u00edn principal, donde ni\u00f1os disfrutaron de diversas actividades para conmemorar el D\u00eda de la Ni\u00f1ez, en las que los m\u00e1s peque\u00f1os fueron protagonistas de momentos inolvidables llenos de alegr\u00eda, diversi\u00f3n y emoci\u00f3n.<\/p>\n\n\n\n<p>Record\u00f3 que, para celebrar esta fecha, se realizaron jornadas recreativas en distintas colonias del municipio, como Rancho Viejo Primera Secci\u00f3n, Ciudad Sat\u00e9lite, San Nicol\u00e1s de Jassos y Cabecera Municipal, donde cada espacio se transform\u00f3 en un escenario de alegr\u00eda. Las risas, la energ\u00eda y la ilusi\u00f3n de las infancias llenaron de vida estas actividades, permitiendo adem\u00e1s que m\u00e1s familias se sumaran y compartieran momentos especiales en un entorno cercano y seguro.<\/p>\n\n\n\n<p>Como parte de las actividades, la Presidenta Concejal, Paty Aradillas, junto con autoridades municipales, realiz\u00f3 la entrega de juguetes; adem\u00e1s, ni\u00f1as y ni\u00f1os disfrutaron de juegos mec\u00e1nicos, inflables, alimentos y bebidas. Estas acciones reflejan el compromiso de la administraci\u00f3n municipal por generar experiencias que fortalezcan el bienestar, la alegr\u00eda y el desarrollo de la ni\u00f1ez, promoviendo entornos positivos y memorables para las familias de Villa de Pozos.<\/p>\n","protected":false},"excerpt":{"rendered":"<p>En el marco de la celebraci\u00f3n del D\u00eda de la Ni\u00f1ez, la presidenta concejal de Villa de Pozos, Paty Aradillas, expres\u00f3 que las ni\u00f1as y los ni\u00f1os son el coraz\u00f3n y la mayor prioridad de su gobierno, al subrayar que cada acci\u00f3n emprendida busca cuidar su bienestar, proteger sus sue\u00f1os y brindarles un entorno lleno [&hellip;]<\/p>\n","protected":false},"author":1,"featured_media":33262,"comment_status":"open","ping_status":"open","sticky":false,"template":"","format":"standard","meta":{"om_disable_all_campaigns":false,"footnotes":""},"categories":[15],"tags":[],"aioseo_notices":[],"_links":{"self":[{"href":"https:\/\/smnoticias.com.mx\/index.php\/wp-json\/wp\/v2\/posts\/33261"}],"collection":[{"href":"https:\/\/smnoticias.com.mx\/index.php\/wp-json\/wp\/v2\/posts"}],"about":[{"href":"https:\/\/smnoticias.com.mx\/index.php\/wp-json\/wp\/v2\/types\/post"}],"author":[{"embeddable":true,"href":"https:\/\/smnoticias.com.mx\/index.php\/wp-json\/wp\/v2\/users\/1"}],"replies":[{"embeddable":true,"href":"https:\/\/smnoticias.com.mx\/index.php\/wp-json\/wp\/v2\/comments?post=33261"}],"version-history":[{"count":1,"href":"https:\/\/smnoticias.com.mx\/index.php\/wp-json\/wp\/v2\/posts\/33261\/revisions"}],"predecessor-version":[{"id":33263,"href":"https:\/\/smnoticias.com.mx\/index.php\/wp-json\/wp\/v2\/posts\/33261\/revisions\/33263"}],"wp:featuredmedia":[{"embeddable":true,"href":"https:\/\/smnoticias.com.mx\/index.php\/wp-json\/wp\/v2\/media\/33262"}],"wp:attachment":[{"href":"https:\/\/smnoticias.com.mx\/index.php\/wp-json\/wp\/v2\/media?parent=33261"}],"wp:term":[{"taxonomy":"category","embeddable":true,"href":"https:\/\/smnoticias.com.mx\/index.php\/wp-json\/wp\/v2\/categories?post=33261"},{"taxonomy":"post_tag","embeddable":true,"href":"https:\/\/smnoticias.com.mx\/index.php\/wp-json\/wp\/v2\/tags?post=33261"}],"curies":[{"name":"wp","href":"https:\/\/api.w.org\/{rel}","templated":true}]}}