{"id":33265,"date":"2026-04-30T13:40:00","date_gmt":"2026-04-30T13:40:00","guid":{"rendered":"https:\/\/smnoticias.com.mx\/?p=33265"},"modified":"2026-04-30T21:22:15","modified_gmt":"2026-04-30T21:22:15","slug":"pequenas-voces-grandes-propuestas-la-ninez-construye-el-futuro-y-desarrollo-comunitario-de-soledad","status":"publish","type":"post","link":"https:\/\/smnoticias.com.mx\/index.php\/2026\/04\/30\/pequenas-voces-grandes-propuestas-la-ninez-construye-el-futuro-y-desarrollo-comunitario-de-soledad\/","title":{"rendered":"\u201cPeque\u00f1as voces, grandes propuestas\u201d: la ni\u00f1ez construye el futuro y desarrollo comunitario de Soledad"},"content":{"rendered":"\n<ul>\n<li><strong>En el marco del D\u00eda del Ni\u00f1o y la Ni\u00f1a, el edil Juan Manuel Navarro reafirm\u00f3 un Gobierno que protege, construye y promueve el bienestar infantil, al atender planteamientos sobre seguridad, infraestructura y medio ambiente.<\/strong><\/li>\n<\/ul>\n\n\n\n<p>En el marco del D\u00eda del Ni\u00f1o y la Ni\u00f1a, el Alcalde, Juan Manuel Navarro Mu\u00f1iz extern\u00f3 que la ni\u00f1ez soledense es el motor de un gobierno cercano, incluyente y sensible, y reafirm\u00f3 la continuidad de pol\u00edticas p\u00fablicas que transformen el entorno de las familias y garanticen espacios id\u00f3neos para las y los ni\u00f1os, as\u00ed como oportunidades reales de crecimiento y un futuro pr\u00f3spero.<\/p>\n\n\n\n<p>Destac\u00f3 la realizaci\u00f3n del Cabildo infantil, actividad que con ideas claras, voz firme y una ilusi\u00f3n contagiosa por transformar su entorno, 16 ni\u00f1as y ni\u00f1os de distintas escuelas de Soledad de Graciano S\u00e1nchez construyeron un espacio lleno de propuestas para mejorar sus planteles y comunidades; desde la habilitaci\u00f3n de espacios deportivos, el acceso al agua potable, seguridad escolar, hasta la ampliaci\u00f3n de \u00e1reas verdes y el impulso a la lectura, las y los peque\u00f1os participantes demostraron que el futuro del municipio ya piensa en grande.<\/p>\n\n\n\n<p>Durante la sesi\u00f3n, donde las y los menores asumieron roles como Presidente Municipal, secretario general, regidores y s\u00edndicos, viviendo de cerca c\u00f3mo se construyen las decisiones p\u00fablicas, aprovecharon el espacio para alzar la voz.<\/p>\n\n\n\n<p>\u201cQueremos lugares donde podamos jugar y hacer deporte\u201d, expres\u00f3 \u00c1ngel Gael de la escuela Hero\u00ednas Mexicanas; \u201cm\u00e1s sombra para nuestras escuelas\u201d, pidi\u00f3 Luc\u00eda de la escuela Graciano S\u00e1nchez; mientras Emiliano del plantel San Luis de la Patria propuso mejorar la infraestructura escolar; en tanto, Brittani de la escuela Valent\u00edn G\u00f3mez Far\u00edas y \u00c1ngel Daniel de la Prof. Daniel D\u00edaz Corpus coincidieron en la importancia de atender temas como el agua y las condiciones de sus planteles.<\/p>\n\n\n\n<p>El edil Navarro Mu\u00f1iz extern\u00f3 que su Gobierno municipal trabaja incansablemente por mejorar y convertir escuelas para mejorar su aprendizaje, estudio y preparaci\u00f3n para el futuro. Les aconsej\u00f3 obedecer a sus padres, estudiar y aprovechar el tiempo en la escuela, cumplir sus metas y ser grandes profesionistas que contribuyan al desarrollo del municipio, incluso, dese\u00f3 que alguno de ellos y ellas fuera la pr\u00f3xima presidenta municipal de las y los soledenses.<\/p>\n\n\n\n<p>En el marco del D\u00eda de la Ni\u00f1a y el Ni\u00f1o, esta experiencia reafirma que en Soledad se impulsa la formaci\u00f3n de ciudadanos desde temprana edad, reconociendo a la ni\u00f1ez como base del desarrollo y motor de un mejor ma\u00f1ana; el Ayuntamiento, siguiendo la gu\u00eda del Alcalde, mantiene el compromiso de escuchar, atender y transformar estas inquietudes en acciones que fortalezcan el bienestar de las nuevas generaciones y construyan un municipio m\u00e1s cercano a su gente.<\/p>\n","protected":false},"excerpt":{"rendered":"<p>En el marco del D\u00eda del Ni\u00f1o y la Ni\u00f1a, el Alcalde, Juan Manuel Navarro Mu\u00f1iz extern\u00f3 que la ni\u00f1ez soledense es el motor de un gobierno cercano, incluyente y sensible, y reafirm\u00f3 la continuidad de pol\u00edticas p\u00fablicas que transformen el entorno de las familias y garanticen espacios id\u00f3neos para las y los ni\u00f1os, as\u00ed [&hellip;]<\/p>\n","protected":false},"author":1,"featured_media":33266,"comment_status":"open","ping_status":"open","sticky":false,"template":"","format":"standard","meta":{"om_disable_all_campaigns":false,"footnotes":""},"categories":[10],"tags":[],"aioseo_notices":[],"_links":{"self":[{"href":"https:\/\/smnoticias.com.mx\/index.php\/wp-json\/wp\/v2\/posts\/33265"}],"collection":[{"href":"https:\/\/smnoticias.com.mx\/index.php\/wp-json\/wp\/v2\/posts"}],"about":[{"href":"https:\/\/smnoticias.com.mx\/index.php\/wp-json\/wp\/v2\/types\/post"}],"author":[{"embeddable":true,"href":"https:\/\/smnoticias.com.mx\/index.php\/wp-json\/wp\/v2\/users\/1"}],"replies":[{"embeddable":true,"href":"https:\/\/smnoticias.com.mx\/index.php\/wp-json\/wp\/v2\/comments?post=33265"}],"version-history":[{"count":1,"href":"https:\/\/smnoticias.com.mx\/index.php\/wp-json\/wp\/v2\/posts\/33265\/revisions"}],"predecessor-version":[{"id":33267,"href":"https:\/\/smnoticias.com.mx\/index.php\/wp-json\/wp\/v2\/posts\/33265\/revisions\/33267"}],"wp:featuredmedia":[{"embeddable":true,"href":"https:\/\/smnoticias.com.mx\/index.php\/wp-json\/wp\/v2\/media\/33266"}],"wp:attachment":[{"href":"https:\/\/smnoticias.com.mx\/index.php\/wp-json\/wp\/v2\/media?parent=33265"}],"wp:term":[{"taxonomy":"category","embeddable":true,"href":"https:\/\/smnoticias.com.mx\/index.php\/wp-json\/wp\/v2\/categories?post=33265"},{"taxonomy":"post_tag","embeddable":true,"href":"https:\/\/smnoticias.com.mx\/index.php\/wp-json\/wp\/v2\/tags?post=33265"}],"curies":[{"name":"wp","href":"https:\/\/api.w.org\/{rel}","templated":true}]}}