{"id":33268,"date":"2026-04-30T14:50:00","date_gmt":"2026-04-30T14:50:00","guid":{"rendered":"https:\/\/smnoticias.com.mx\/?p=33268"},"modified":"2026-04-30T21:26:40","modified_gmt":"2026-04-30T21:26:40","slug":"empleados-municipales-de-soledad-preparados-para-abonar-al-servicio-publico-eficaz-desde-la-nueva-uam","status":"publish","type":"post","link":"https:\/\/smnoticias.com.mx\/index.php\/2026\/04\/30\/empleados-municipales-de-soledad-preparados-para-abonar-al-servicio-publico-eficaz-desde-la-nueva-uam\/","title":{"rendered":"Empleados municipales de Soledad, preparados para abonar al servicio p\u00fablico eficaz desde la nueva UAM"},"content":{"rendered":"\n<ul>\n<li><strong>Trabajadores municipales destacan mejores condiciones laborales y atenci\u00f3n m\u00e1s \u00e1gil en beneficio de las familias soledenses.<\/strong><\/li>\n<\/ul>\n\n\n\n<p>El funcionamiento de la nueva Unidad Administrativa Municipal (UAM) del Ayuntamiento de Soledad de Graciano S\u00e1nchez, sobre avenida San Pedro, que brindar\u00e1 servicio en el mes de mayo, representa un cambio significativo en la din\u00e1mica laboral y en la atenci\u00f3n a la ciudadan\u00eda, coincidieron servidoras y servidores p\u00fablicos; desde sus \u00e1reas, resaltaron que la concentraci\u00f3n de dependencias en un solo espacio permitir\u00e1 agilizar tr\u00e1mites, mejorar la coordinaci\u00f3n interna y ofrecer un servicio m\u00e1s cercano y eficiente para las familias, adem\u00e1s de percibir un entorno m\u00e1s armonioso para su labores diarias.<\/p>\n\n\n\n<p>Derivado del compromiso y el empuje del Alcalde, Juan Manuel Navarro Mu\u00f1iz, para cristalizar este sue\u00f1o institucional para el Gobierno Municipal, trabajadores resaltaron que tras a\u00f1os de espera, la poblaci\u00f3n ser\u00e1 recibida en un espacio id\u00f3neo para la soluci\u00f3n de solicitudes y el otorgamiento de servicios, con inmediatez, dignidad y calidad.<\/p>\n\n\n\n<p>Desde la Direcci\u00f3n de Desarrollo Urbano, Isabel Lara Silva resalt\u00f3 que la concentraci\u00f3n de dependencias en un solo espacio facilitar\u00e1 la coordinaci\u00f3n institucional y evitar\u00e1 traslados innecesarios para la poblaci\u00f3n: \u201cSer\u00e1 un beneficio muy bueno para la ciudadan\u00eda, ya no tendr\u00e1n que trasladarse a distintos lugares porque en la Unidad Administrativa estar\u00e1n direcciones como Ecolog\u00eda, Comercio y Protecci\u00f3n Civil, lo que har\u00e1 m\u00e1s f\u00e1cil y \u00e1gil el servicio; adem\u00e1s, habr\u00e1 mejores instalaciones que nos permitir\u00e1n brindar una atenci\u00f3n de mayor calidad\u201d. A\u00f1adi\u00f3 que una de las problem\u00e1ticas m\u00e1s frecuentes, como la falta de estacionamiento, ser\u00e1 resuelto con espacios adecuados, especialmente para personas adultas mayores y quienes padecen alguna discapacidad.<\/p>\n\n\n\n<p>En la Direcci\u00f3n de Comercio, Juanita Cansino destac\u00f3 que la unificaci\u00f3n de oficinas representa una soluci\u00f3n pr\u00e1ctica tanto para la ciudadan\u00eda como para el personal: \u201cLas oficinas nuevas, m\u00e1s amplias y limpias, nos motivan a trabajar con mejor \u00e1nimo, y eso se refleja en una atenci\u00f3n m\u00e1s eficiente y cercana para las personas; adem\u00e1s, habr\u00e1 espacios de estacionamiento que beneficiar\u00e1n a personas con discapacidad y adultos mayores y todos los servicios estar\u00e1n en una sola locaci\u00f3n, lo que har\u00e1 m\u00e1s sencillo realizar tr\u00e1mites sin recorrer todo el municipio\u201d.<\/p>\n\n\n\n<p>Por su parte, Sebasti\u00e1n Cervantes L\u00f3pez, de la Direcci\u00f3n de Desarrollo Social, enfatiz\u00f3 que el impacto ser\u00e1 inmediato en tiempos y econom\u00eda para las y los contribuyentes: \u201cEn un solo lugar encontrar\u00e1n todos los departamentos, lo que evitar\u00e1 vueltas innecesarias y contratiempos; esto les ahorrar\u00e1 tiempo y dinero, y para nosotros tambi\u00e9n ser\u00e1 una motivaci\u00f3n contar con oficinas m\u00e1s modernas y seguir dando un servicio de calidad, como nos lo ha pedido el Alcalde\u201d.<\/p>\n\n\n\n<p>Finalmente, Luc\u00eda Blanco \u00c1valos, del \u00e1rea jur\u00eddica de Protecci\u00f3n Civil, subray\u00f3 que la nueva infraestructura fortalecer\u00e1 la comunicaci\u00f3n interinstitucional y elevar\u00e1 la calidad del servicio: \u201cHabr\u00e1 mayor coordinaci\u00f3n entre \u00e1reas como Comercio, Ecolog\u00eda y Desarrollo Urbano, lo que permitir\u00e1 agilizar tr\u00e1mites y ofrecer una atenci\u00f3n m\u00e1s eficiente, contar con espacios dignos, amplios y accesibles impactar\u00e1 directamente en beneficio de la ciudadan\u00eda, mejorando la din\u00e1mica de trabajo y la respuesta del Ayuntamiento\u201d.<\/p>\n\n\n\n<p>Con esta nueva Unidad Administrativa Municipal, el Gobierno de Soledad de Graciano S\u00e1nchez consolida una administraci\u00f3n cercana, que escucha y atiende las necesidades de la poblaci\u00f3n, al tiempo que dignifica el trabajo del personal y eleva la calidad de los servicios p\u00fablicos.<\/p>\n","protected":false},"excerpt":{"rendered":"<p>El funcionamiento de la nueva Unidad Administrativa Municipal (UAM) del Ayuntamiento de Soledad de Graciano S\u00e1nchez, sobre avenida San Pedro, que brindar\u00e1 servicio en el mes de mayo, representa un cambio significativo en la din\u00e1mica laboral y en la atenci\u00f3n a la ciudadan\u00eda, coincidieron servidoras y servidores p\u00fablicos; desde sus \u00e1reas, resaltaron que la concentraci\u00f3n [&hellip;]<\/p>\n","protected":false},"author":1,"featured_media":33269,"comment_status":"open","ping_status":"open","sticky":false,"template":"","format":"standard","meta":{"om_disable_all_campaigns":false,"footnotes":""},"categories":[10],"tags":[],"aioseo_notices":[],"_links":{"self":[{"href":"https:\/\/smnoticias.com.mx\/index.php\/wp-json\/wp\/v2\/posts\/33268"}],"collection":[{"href":"https:\/\/smnoticias.com.mx\/index.php\/wp-json\/wp\/v2\/posts"}],"about":[{"href":"https:\/\/smnoticias.com.mx\/index.php\/wp-json\/wp\/v2\/types\/post"}],"author":[{"embeddable":true,"href":"https:\/\/smnoticias.com.mx\/index.php\/wp-json\/wp\/v2\/users\/1"}],"replies":[{"embeddable":true,"href":"https:\/\/smnoticias.com.mx\/index.php\/wp-json\/wp\/v2\/comments?post=33268"}],"version-history":[{"count":1,"href":"https:\/\/smnoticias.com.mx\/index.php\/wp-json\/wp\/v2\/posts\/33268\/revisions"}],"predecessor-version":[{"id":33270,"href":"https:\/\/smnoticias.com.mx\/index.php\/wp-json\/wp\/v2\/posts\/33268\/revisions\/33270"}],"wp:featuredmedia":[{"embeddable":true,"href":"https:\/\/smnoticias.com.mx\/index.php\/wp-json\/wp\/v2\/media\/33269"}],"wp:attachment":[{"href":"https:\/\/smnoticias.com.mx\/index.php\/wp-json\/wp\/v2\/media?parent=33268"}],"wp:term":[{"taxonomy":"category","embeddable":true,"href":"https:\/\/smnoticias.com.mx\/index.php\/wp-json\/wp\/v2\/categories?post=33268"},{"taxonomy":"post_tag","embeddable":true,"href":"https:\/\/smnoticias.com.mx\/index.php\/wp-json\/wp\/v2\/tags?post=33268"}],"curies":[{"name":"wp","href":"https:\/\/api.w.org\/{rel}","templated":true}]}}