{"id":33271,"date":"2026-04-30T15:12:00","date_gmt":"2026-04-30T15:12:00","guid":{"rendered":"https:\/\/smnoticias.com.mx\/?p=33271"},"modified":"2026-04-30T21:30:24","modified_gmt":"2026-04-30T21:30:24","slug":"dif-de-soledad-celebra-a-la-ninez-con-alegres-convivencias-en-centros-comunitarios","status":"publish","type":"post","link":"https:\/\/smnoticias.com.mx\/index.php\/2026\/04\/30\/dif-de-soledad-celebra-a-la-ninez-con-alegres-convivencias-en-centros-comunitarios\/","title":{"rendered":"DIF de Soledad celebra a la ni\u00f1ez con alegres convivencias en centros comunitarios"},"content":{"rendered":"\n<ul>\n<li><strong>Ni\u00f1as y ni\u00f1os disfrutaron din\u00e1micas, pi\u00f1atas, espect\u00e1culos y obsequios en espacios cercanos a sus familias.<\/strong><\/li>\n<\/ul>\n\n\n\n<p>Con risas, juegos y pi\u00f1atas que llenaron de color cada espacio comunitario, el Sistema Municipal para el Desarrollo Integral de la Familia (SMDIF) de Soledad de Graciano S\u00e1nchez celebr\u00f3 a lo grande el D\u00eda de la Ni\u00f1a y el Ni\u00f1o en distintos Centros de Desarrollo Comunitario, donde decenas de familias se reunieron para disfrutar de actividades recreativas, espect\u00e1culos y entrega de obsequios, fortaleciendo la cercan\u00eda con la poblaci\u00f3n y el compromiso de escuchar y atender a la ni\u00f1ez, en cumplimiento a la encomienda del Alcalde Juan Manuel Navarro Mu\u00f1iz.<\/p>\n\n\n\n<p>Ni\u00f1as y ni\u00f1os participaron en din\u00e1micas, rompieron pi\u00f1atas donadas por el \u00e1rea de Participaci\u00f3n Ciudadana y recibieron dulces, fruta y juguetes; adem\u00e1s, cantaron, bailaron y convivieron en un ambiente lleno de alegr\u00eda con show de payasos e inflables. En la Unidad B\u00e1sica de Rehabilitaci\u00f3n UBR 1, las y los peque\u00f1os acudieron disfrazados, desfilaron en una pasarela con premiaci\u00f3n y compartieron antojitos y aguas frescas junto a sus familias y el personal, fortaleciendo los lazos de comunidad.<\/p>\n\n\n\n<p>Estas acciones, impulsadas por la Presidenta del SMDIF, Mar\u00eda del Pilar Cardona Reyna, consolidan espacios cercanos a las familias y sectores vulnerables. \u201cCelebramos el D\u00eda del Ni\u00f1o en nuestros centros con mucha alegr\u00eda; verlos participar, convivir y disfrutar de cada actividad nos motiva a seguir trabajando por su bienestar y felicidad\u201d, expres\u00f3.<\/p>\n\n\n\n<p>De manera simult\u00e1nea, en el Centro de Desarrollo Infantil Capullito 3 se realiz\u00f3 un taller de trufas y un concurso de calcetas locas con premiaci\u00f3n a los tres primeros lugares, mientras que en el Centro Comunitario Santo Tom\u00e1s y el Centro de Atenci\u00f3n Familiar CAF San Luis 1 se llevaron a cabo festejos con pi\u00f1atas, alimentos, juegos y obsequios.<\/p>\n\n\n\n<p>Con estas acciones, el Ayuntamiento de Soledad de Graciano S\u00e1nchez, a trav\u00e9s del SMDIF, refrenda su compromiso de mantenerse cercano a las familias, en especial a la ni\u00f1ez y sectores vulnerables, con actividades que fortalecen la convivencia, el bienestar y el desarrollo integral, atendiendo las necesidades de la poblaci\u00f3n.<\/p>\n","protected":false},"excerpt":{"rendered":"<p>Con risas, juegos y pi\u00f1atas que llenaron de color cada espacio comunitario, el Sistema Municipal para el Desarrollo Integral de la Familia (SMDIF) de Soledad de Graciano S\u00e1nchez celebr\u00f3 a lo grande el D\u00eda de la Ni\u00f1a y el Ni\u00f1o en distintos Centros de Desarrollo Comunitario, donde decenas de familias se reunieron para disfrutar de [&hellip;]<\/p>\n","protected":false},"author":1,"featured_media":33272,"comment_status":"open","ping_status":"open","sticky":false,"template":"","format":"standard","meta":{"om_disable_all_campaigns":false,"footnotes":""},"categories":[10],"tags":[],"aioseo_notices":[],"_links":{"self":[{"href":"https:\/\/smnoticias.com.mx\/index.php\/wp-json\/wp\/v2\/posts\/33271"}],"collection":[{"href":"https:\/\/smnoticias.com.mx\/index.php\/wp-json\/wp\/v2\/posts"}],"about":[{"href":"https:\/\/smnoticias.com.mx\/index.php\/wp-json\/wp\/v2\/types\/post"}],"author":[{"embeddable":true,"href":"https:\/\/smnoticias.com.mx\/index.php\/wp-json\/wp\/v2\/users\/1"}],"replies":[{"embeddable":true,"href":"https:\/\/smnoticias.com.mx\/index.php\/wp-json\/wp\/v2\/comments?post=33271"}],"version-history":[{"count":1,"href":"https:\/\/smnoticias.com.mx\/index.php\/wp-json\/wp\/v2\/posts\/33271\/revisions"}],"predecessor-version":[{"id":33273,"href":"https:\/\/smnoticias.com.mx\/index.php\/wp-json\/wp\/v2\/posts\/33271\/revisions\/33273"}],"wp:featuredmedia":[{"embeddable":true,"href":"https:\/\/smnoticias.com.mx\/index.php\/wp-json\/wp\/v2\/media\/33272"}],"wp:attachment":[{"href":"https:\/\/smnoticias.com.mx\/index.php\/wp-json\/wp\/v2\/media?parent=33271"}],"wp:term":[{"taxonomy":"category","embeddable":true,"href":"https:\/\/smnoticias.com.mx\/index.php\/wp-json\/wp\/v2\/categories?post=33271"},{"taxonomy":"post_tag","embeddable":true,"href":"https:\/\/smnoticias.com.mx\/index.php\/wp-json\/wp\/v2\/tags?post=33271"}],"curies":[{"name":"wp","href":"https:\/\/api.w.org\/{rel}","templated":true}]}}