{"id":33274,"date":"2026-04-30T13:50:00","date_gmt":"2026-04-30T13:50:00","guid":{"rendered":"https:\/\/smnoticias.com.mx\/?p=33274"},"modified":"2026-04-30T21:33:48","modified_gmt":"2026-04-30T21:33:48","slug":"areas-operativas-de-villa-de-pozos-se-mantiene-activos-en-fin-de-semana-largo","status":"publish","type":"post","link":"https:\/\/smnoticias.com.mx\/index.php\/2026\/04\/30\/areas-operativas-de-villa-de-pozos-se-mantiene-activos-en-fin-de-semana-largo\/","title":{"rendered":"\u00c1reas operativas de Villa de Pozos se mantiene activos en fin de semana largo"},"content":{"rendered":"\n<ul>\n<li><strong>Se mantendr\u00e1n en funcionamiento los servicios indispensables para salvaguardar el bienestar, la seguridad y la tranquilidad de las familias<\/strong><\/li>\n<\/ul>\n\n\n\n<p>Las \u00e1reas operativas del Gobierno Municipal de Villa de Pozos trabajar\u00e1n de manera activa durante este fin de semana largo, con el objetivo de garantizar la prestaci\u00f3n de servicios esenciales y la atenci\u00f3n oportuna a la ciudadan\u00eda, afirm\u00f3 la Oficial Mayor, Luordes Guadalupe Jasso Ort\u00edz.<\/p>\n\n\n\n<p>Detall\u00f3 que las dependencias consideradas esenciales continuar\u00e1n operando con normalidad, entre ellas Servicios Municipales, Protecci\u00f3n Civil y la Guardia Civil Municipal, con el prop\u00f3sito de no interrumpir los servicios prioritarios.<\/p>\n\n\n\n<p>En el caso de las \u00e1reas administrativas, dijo que se estableci\u00f3 un rol de guardia para atender cualquier situaci\u00f3n que se pudiera presentar, ya que este viernes 01 de mayo es considerado como d\u00eda inh\u00e1bil para el calendario oficial.<\/p>\n\n\n\n<p>Finalmente, la funcionaria reiter\u00f3 el compromiso de la administraci\u00f3n que encabeza la Presidenta Concejal, Paty Aradillas, con la ciudadan\u00eda, al asegurar que, aun en d\u00edas de suspensi\u00f3n oficial, se mantendr\u00e1n en funcionamiento los servicios indispensables para salvaguardar el bienestar, la seguridad y la tranquilidad de las familias poce\u00f1as.<\/p>\n","protected":false},"excerpt":{"rendered":"<p>Las \u00e1reas operativas del Gobierno Municipal de Villa de Pozos trabajar\u00e1n de manera activa durante este fin de semana largo, con el objetivo de garantizar la prestaci\u00f3n de servicios esenciales y la atenci\u00f3n oportuna a la ciudadan\u00eda, afirm\u00f3 la Oficial Mayor, Luordes Guadalupe Jasso Ort\u00edz. Detall\u00f3 que las dependencias consideradas esenciales continuar\u00e1n operando con normalidad, [&hellip;]<\/p>\n","protected":false},"author":1,"featured_media":33275,"comment_status":"open","ping_status":"open","sticky":false,"template":"","format":"standard","meta":{"om_disable_all_campaigns":false,"footnotes":""},"categories":[15],"tags":[],"aioseo_notices":[],"_links":{"self":[{"href":"https:\/\/smnoticias.com.mx\/index.php\/wp-json\/wp\/v2\/posts\/33274"}],"collection":[{"href":"https:\/\/smnoticias.com.mx\/index.php\/wp-json\/wp\/v2\/posts"}],"about":[{"href":"https:\/\/smnoticias.com.mx\/index.php\/wp-json\/wp\/v2\/types\/post"}],"author":[{"embeddable":true,"href":"https:\/\/smnoticias.com.mx\/index.php\/wp-json\/wp\/v2\/users\/1"}],"replies":[{"embeddable":true,"href":"https:\/\/smnoticias.com.mx\/index.php\/wp-json\/wp\/v2\/comments?post=33274"}],"version-history":[{"count":1,"href":"https:\/\/smnoticias.com.mx\/index.php\/wp-json\/wp\/v2\/posts\/33274\/revisions"}],"predecessor-version":[{"id":33276,"href":"https:\/\/smnoticias.com.mx\/index.php\/wp-json\/wp\/v2\/posts\/33274\/revisions\/33276"}],"wp:featuredmedia":[{"embeddable":true,"href":"https:\/\/smnoticias.com.mx\/index.php\/wp-json\/wp\/v2\/media\/33275"}],"wp:attachment":[{"href":"https:\/\/smnoticias.com.mx\/index.php\/wp-json\/wp\/v2\/media?parent=33274"}],"wp:term":[{"taxonomy":"category","embeddable":true,"href":"https:\/\/smnoticias.com.mx\/index.php\/wp-json\/wp\/v2\/categories?post=33274"},{"taxonomy":"post_tag","embeddable":true,"href":"https:\/\/smnoticias.com.mx\/index.php\/wp-json\/wp\/v2\/tags?post=33274"}],"curies":[{"name":"wp","href":"https:\/\/api.w.org\/{rel}","templated":true}]}}