{"id":33277,"date":"2026-04-30T15:40:00","date_gmt":"2026-04-30T15:40:00","guid":{"rendered":"https:\/\/smnoticias.com.mx\/?p=33277"},"modified":"2026-04-30T21:37:58","modified_gmt":"2026-04-30T21:37:58","slug":"dif-villa-de-pozos-celebra-a-la-ninez-con-alegria-y-cercania","status":"publish","type":"post","link":"https:\/\/smnoticias.com.mx\/index.php\/2026\/04\/30\/dif-villa-de-pozos-celebra-a-la-ninez-con-alegria-y-cercania\/","title":{"rendered":"DIF Villa de Pozos celebra a la ni\u00f1ez con alegr\u00eda y cercan\u00eda"},"content":{"rendered":"\n<ul>\n<li><strong>Ni\u00f1as y ni\u00f1os, usuarios del DIF de Villa de Pozos vivieron una jornada especial donde la diversi\u00f3n, la atenci\u00f3n y el reconocimiento a su importancia fueron protagonistas.<\/strong><\/li>\n<\/ul>\n\n\n\n<p>En el marco de la celebraci\u00f3n del D\u00eda de la Ni\u00f1ez, el Gobierno Municipal de Villa de Pozos, a trav\u00e9s del DIF Municipal, llev\u00f3 a cabo una jornada especial dedicada a las ni\u00f1as y ni\u00f1os usuarios esta dependencia, en un ambiente lleno de alegr\u00eda, convivencia y momentos significativos para las familias, en especial para las infancias del municipio.<\/p>\n\n\n\n<p>Bajo el mensaje que dio la directora del DIF Villa de Pozos, Laura Angelica Villanueva Hern\u00e1ndez, durante esta celebraci\u00f3n resalt\u00f3, \u201clas infancias no son pacientes ni usuarios, sino el coraz\u00f3n del DIF Municipal\u201d, donde, adem\u00e1s, se desarrollaron diversas actividades recreativas, en la que ni\u00f1as y ni\u00f1os pudieron disfrutar de una tarde llena de alegr\u00eda y emoci\u00f3n, y que permitieron fortalecer los lazos de cercan\u00eda y atenci\u00f3n hacia este sector tan importante de la poblaci\u00f3n.<\/p>\n\n\n\n<p>Durante el evento, la Presidenta Concejal, Paty Aradillas, destac\u00f3 el compromiso del Gobierno Municipal con la ni\u00f1ez de Villa de Pozos, por lo que se\u00f1al\u00f3 la importancia de generar espacios seguros, felices y llenos de oportunidades para su desarrollo integral.<\/p>\n\n\n\n<p>Como parte de la celebraci\u00f3n, autoridades municipales realizaron la entrega simb\u00f3lica de juguetes a ni\u00f1as y ni\u00f1os, as\u00ed como din\u00e1micas recreativas que llenaron de emoci\u00f3n y diversi\u00f3n la jornada, en las que se obsequiaron seis bicicletas a las y los peque\u00f1os participantes, lo que gener\u00f3 momentos de entusiasmo y alegr\u00eda entre las familias asistentes.<\/p>\n","protected":false},"excerpt":{"rendered":"<p>En el marco de la celebraci\u00f3n del D\u00eda de la Ni\u00f1ez, el Gobierno Municipal de Villa de Pozos, a trav\u00e9s del DIF Municipal, llev\u00f3 a cabo una jornada especial dedicada a las ni\u00f1as y ni\u00f1os usuarios esta dependencia, en un ambiente lleno de alegr\u00eda, convivencia y momentos significativos para las familias, en especial para las [&hellip;]<\/p>\n","protected":false},"author":1,"featured_media":33278,"comment_status":"open","ping_status":"open","sticky":false,"template":"","format":"standard","meta":{"om_disable_all_campaigns":false,"footnotes":""},"categories":[15],"tags":[],"aioseo_notices":[],"_links":{"self":[{"href":"https:\/\/smnoticias.com.mx\/index.php\/wp-json\/wp\/v2\/posts\/33277"}],"collection":[{"href":"https:\/\/smnoticias.com.mx\/index.php\/wp-json\/wp\/v2\/posts"}],"about":[{"href":"https:\/\/smnoticias.com.mx\/index.php\/wp-json\/wp\/v2\/types\/post"}],"author":[{"embeddable":true,"href":"https:\/\/smnoticias.com.mx\/index.php\/wp-json\/wp\/v2\/users\/1"}],"replies":[{"embeddable":true,"href":"https:\/\/smnoticias.com.mx\/index.php\/wp-json\/wp\/v2\/comments?post=33277"}],"version-history":[{"count":1,"href":"https:\/\/smnoticias.com.mx\/index.php\/wp-json\/wp\/v2\/posts\/33277\/revisions"}],"predecessor-version":[{"id":33279,"href":"https:\/\/smnoticias.com.mx\/index.php\/wp-json\/wp\/v2\/posts\/33277\/revisions\/33279"}],"wp:featuredmedia":[{"embeddable":true,"href":"https:\/\/smnoticias.com.mx\/index.php\/wp-json\/wp\/v2\/media\/33278"}],"wp:attachment":[{"href":"https:\/\/smnoticias.com.mx\/index.php\/wp-json\/wp\/v2\/media?parent=33277"}],"wp:term":[{"taxonomy":"category","embeddable":true,"href":"https:\/\/smnoticias.com.mx\/index.php\/wp-json\/wp\/v2\/categories?post=33277"},{"taxonomy":"post_tag","embeddable":true,"href":"https:\/\/smnoticias.com.mx\/index.php\/wp-json\/wp\/v2\/tags?post=33277"}],"curies":[{"name":"wp","href":"https:\/\/api.w.org\/{rel}","templated":true}]}}