{"id":33280,"date":"2026-04-30T12:00:00","date_gmt":"2026-04-30T12:00:00","guid":{"rendered":"https:\/\/smnoticias.com.mx\/?p=33280"},"modified":"2026-04-30T21:44:15","modified_gmt":"2026-04-30T21:44:15","slug":"gobierno-estatal-celebra-a-la-ninez-con-acciones-de-inclusion-y-cercania","status":"publish","type":"post","link":"https:\/\/smnoticias.com.mx\/index.php\/2026\/04\/30\/gobierno-estatal-celebra-a-la-ninez-con-acciones-de-inclusion-y-cercania\/","title":{"rendered":"Gobierno estatal celebra a la ni\u00f1ez con acciones de inclusi\u00f3n y cercan\u00eda"},"content":{"rendered":"\n<ul>\n<li><strong>Festejos a comunidad de casas de asistencia y en Axtla de Terrazas acercan alegr\u00eda y bienestar a ni\u00f1as y ni\u00f1os.<\/strong><\/li>\n<\/ul>\n\n\n\n<p>Como parte del impulso del Gobernador Ricardo Gallardo Cardona para fortalecer el bienestar de la ni\u00f1ez, el Sistema Estatal de Desarrollo Integral de la Familia (DIF), a trav\u00e9s de su Coordinaci\u00f3n de Voluntariado, realiz\u00f3 una celebraci\u00f3n dirigida a ni\u00f1as y ni\u00f1os de casas de asistencia social, mientras que la Junta Estatal de Caminos (JEC) acudi\u00f3 a Axtla de Terrazas, donde se desarroll\u00f3 un festejo masivo con entrega de regalos, como un esfuerzo sin l\u00edmites para acercar momentos de alegr\u00eda y atenci\u00f3n a quienes m\u00e1s lo necesitan.<\/p>\n\n\n\n<p>En el caso del DIF, la convivencia reuni\u00f3 a ni\u00f1as y ni\u00f1os en un entorno dise\u00f1ado para su esparcimiento, con actividades recreativas, juegos e integraci\u00f3n que favorecen su desarrollo emocional y social. La participaci\u00f3n de voluntariado, empresas y personas solidarias permiti\u00f3 crear un espacio incluyente y significativo para quienes forman parte de estas instituciones.<\/p>\n\n\n\n<p>Por otro lado, en Axtla de Terrazas, m\u00e1s de 3 mil ni\u00f1as y ni\u00f1os disfrutaron de una jornada con juegos, dulces, rifas y espect\u00e1culos, resultado de la coordinaci\u00f3n entre autoridades estatales y municipales. Este tipo de celebraciones dan sentido al cambio que se vive y se siente, al acercar apoyos, fomentar la convivencia familiar y asegurar que la ni\u00f1ez viva su d\u00eda con entusiasmo y bienestar.<\/p>\n","protected":false},"excerpt":{"rendered":"<p>Como parte del impulso del Gobernador Ricardo Gallardo Cardona para fortalecer el bienestar de la ni\u00f1ez, el Sistema Estatal de Desarrollo Integral de la Familia (DIF), a trav\u00e9s de su Coordinaci\u00f3n de Voluntariado, realiz\u00f3 una celebraci\u00f3n dirigida a ni\u00f1as y ni\u00f1os de casas de asistencia social, mientras que la Junta Estatal de Caminos (JEC) acudi\u00f3 [&hellip;]<\/p>\n","protected":false},"author":1,"featured_media":33281,"comment_status":"open","ping_status":"open","sticky":false,"template":"","format":"standard","meta":{"om_disable_all_campaigns":false,"footnotes":""},"categories":[3],"tags":[],"aioseo_notices":[],"_links":{"self":[{"href":"https:\/\/smnoticias.com.mx\/index.php\/wp-json\/wp\/v2\/posts\/33280"}],"collection":[{"href":"https:\/\/smnoticias.com.mx\/index.php\/wp-json\/wp\/v2\/posts"}],"about":[{"href":"https:\/\/smnoticias.com.mx\/index.php\/wp-json\/wp\/v2\/types\/post"}],"author":[{"embeddable":true,"href":"https:\/\/smnoticias.com.mx\/index.php\/wp-json\/wp\/v2\/users\/1"}],"replies":[{"embeddable":true,"href":"https:\/\/smnoticias.com.mx\/index.php\/wp-json\/wp\/v2\/comments?post=33280"}],"version-history":[{"count":1,"href":"https:\/\/smnoticias.com.mx\/index.php\/wp-json\/wp\/v2\/posts\/33280\/revisions"}],"predecessor-version":[{"id":33282,"href":"https:\/\/smnoticias.com.mx\/index.php\/wp-json\/wp\/v2\/posts\/33280\/revisions\/33282"}],"wp:featuredmedia":[{"embeddable":true,"href":"https:\/\/smnoticias.com.mx\/index.php\/wp-json\/wp\/v2\/media\/33281"}],"wp:attachment":[{"href":"https:\/\/smnoticias.com.mx\/index.php\/wp-json\/wp\/v2\/media?parent=33280"}],"wp:term":[{"taxonomy":"category","embeddable":true,"href":"https:\/\/smnoticias.com.mx\/index.php\/wp-json\/wp\/v2\/categories?post=33280"},{"taxonomy":"post_tag","embeddable":true,"href":"https:\/\/smnoticias.com.mx\/index.php\/wp-json\/wp\/v2\/tags?post=33280"}],"curies":[{"name":"wp","href":"https:\/\/api.w.org\/{rel}","templated":true}]}}