{"id":33311,"date":"2026-04-30T18:24:00","date_gmt":"2026-04-30T18:24:00","guid":{"rendered":"https:\/\/smnoticias.com.mx\/?p=33311"},"modified":"2026-05-01T02:26:14","modified_gmt":"2026-05-01T02:26:14","slug":"gobierno-estatal-garantiza-servicios-durante-dias-de-asueto","status":"publish","type":"post","link":"https:\/\/smnoticias.com.mx\/index.php\/2026\/04\/30\/gobierno-estatal-garantiza-servicios-durante-dias-de-asueto\/","title":{"rendered":"Gobierno estatal garantiza servicios durante d\u00edas de asueto"},"content":{"rendered":"\n<p>&#8211;&nbsp;&nbsp;&nbsp;&nbsp;&nbsp;&nbsp; <strong>Dependencias mantendr\u00e1n operaci\u00f3n continua en \u00e1reas clave para proteger a la poblaci\u00f3n y asegurar la atenci\u00f3n.<\/strong><\/p>\n\n\n\n<p>Siguiendo la instrucci\u00f3n del Gobernador Ricardo Gallardo Cardona de no detener la atenci\u00f3n a la ciudadan\u00eda, la Oficial\u00eda Mayor (OM) inform\u00f3 los ajustes al calendario laboral por las conmemoraciones de mayo, asegurando la continuidad de los servicios esenciales en todo momento. Con este trabajo sin l\u00edmites, la administraci\u00f3n Estatal mantiene en operaci\u00f3n \u00e1reas esenciales para responder a las necesidades de la poblaci\u00f3n.<\/p>\n\n\n\n<p>Como parte de la organizaci\u00f3n, el d\u00eda de asueto correspondiente al 5 de mayo, por la Batalla de Puebla, ser\u00e1 recorrido al lunes 4, por lo que el personal administrativo retomar\u00e1 actividades el martes 5 con normalidad. Esta medida permite mantener el flujo de trabajo en oficinas gubernamentales sin afectar la atenci\u00f3n que se brinda diariamente.<\/p>\n\n\n\n<p>Para el 1 de mayo, D\u00eda del Trabajo, las \u00e1reas de seguridad, salud y protecci\u00f3n civil continuar\u00e1n con sus esquemas de operaci\u00f3n permanente, garantizando vigilancia, atenci\u00f3n m\u00e9dica y respuesta ante emergencias. Esta coordinaci\u00f3n consolida del cambio que se vive y se siente con servicios activos, ordenados y disponibles incluso en d\u00edas de descanso.<\/p>\n","protected":false},"excerpt":{"rendered":"<p>&#8211;&nbsp;&nbsp;&nbsp;&nbsp;&nbsp;&nbsp; Dependencias mantendr\u00e1n operaci\u00f3n continua en \u00e1reas clave para proteger a la poblaci\u00f3n y asegurar la atenci\u00f3n. Siguiendo la instrucci\u00f3n del Gobernador Ricardo Gallardo Cardona de no detener la atenci\u00f3n a la ciudadan\u00eda, la Oficial\u00eda Mayor (OM) inform\u00f3 los ajustes al calendario laboral por las conmemoraciones de mayo, asegurando la continuidad de los servicios esenciales [&hellip;]<\/p>\n","protected":false},"author":1,"featured_media":33312,"comment_status":"open","ping_status":"open","sticky":false,"template":"","format":"standard","meta":{"om_disable_all_campaigns":false,"footnotes":""},"categories":[3],"tags":[],"aioseo_notices":[],"_links":{"self":[{"href":"https:\/\/smnoticias.com.mx\/index.php\/wp-json\/wp\/v2\/posts\/33311"}],"collection":[{"href":"https:\/\/smnoticias.com.mx\/index.php\/wp-json\/wp\/v2\/posts"}],"about":[{"href":"https:\/\/smnoticias.com.mx\/index.php\/wp-json\/wp\/v2\/types\/post"}],"author":[{"embeddable":true,"href":"https:\/\/smnoticias.com.mx\/index.php\/wp-json\/wp\/v2\/users\/1"}],"replies":[{"embeddable":true,"href":"https:\/\/smnoticias.com.mx\/index.php\/wp-json\/wp\/v2\/comments?post=33311"}],"version-history":[{"count":1,"href":"https:\/\/smnoticias.com.mx\/index.php\/wp-json\/wp\/v2\/posts\/33311\/revisions"}],"predecessor-version":[{"id":33313,"href":"https:\/\/smnoticias.com.mx\/index.php\/wp-json\/wp\/v2\/posts\/33311\/revisions\/33313"}],"wp:featuredmedia":[{"embeddable":true,"href":"https:\/\/smnoticias.com.mx\/index.php\/wp-json\/wp\/v2\/media\/33312"}],"wp:attachment":[{"href":"https:\/\/smnoticias.com.mx\/index.php\/wp-json\/wp\/v2\/media?parent=33311"}],"wp:term":[{"taxonomy":"category","embeddable":true,"href":"https:\/\/smnoticias.com.mx\/index.php\/wp-json\/wp\/v2\/categories?post=33311"},{"taxonomy":"post_tag","embeddable":true,"href":"https:\/\/smnoticias.com.mx\/index.php\/wp-json\/wp\/v2\/tags?post=33311"}],"curies":[{"name":"wp","href":"https:\/\/api.w.org\/{rel}","templated":true}]}}